{"id":7527,"date":"2025-07-09T19:29:17","date_gmt":"2025-07-09T22:29:17","guid":{"rendered":"https:\/\/sinasefesm.com\/?p=7527"},"modified":"2025-07-09T19:29:17","modified_gmt":"2025-07-09T22:29:17","slug":"combate-a-reforma-administrativa-foi-pauta-em-seminario-na-camara","status":"publish","type":"post","link":"https:\/\/sinasefesm.com\/index.php\/2025\/07\/09\/combate-a-reforma-administrativa-foi-pauta-em-seminario-na-camara\/","title":{"rendered":"Combate \u00e0 Reforma Administrativa foi pauta em semin\u00e1rio na C\u00e2mara"},"content":{"rendered":"\n<p>A&nbsp;<a href=\"https:\/\/frenteparlamentardoservicopublico.org\/\" target=\"_blank\" rel=\"noreferrer noopener\">Frente Parlamentar Mista em Defesa do Servi\u00e7o P\u00fablico<\/a>&nbsp;<a href=\"https:\/\/sinasefe.org.br\/site\/seminario-a-reforma-administrativa\" target=\"_blank\" rel=\"noreferrer noopener\">realizou<\/a>&nbsp;<a href=\"https:\/\/sinasefe.org.br\/site\/comunicacao\/agenda\" target=\"_blank\" rel=\"noreferrer noopener\">na tarde desta ter\u00e7a-feira<\/a>&nbsp;(08\/07) o&nbsp;<a href=\"https:\/\/sinasefe.org.br\/site\/seminario-a-reforma-administrativa-acontece-nesta-terca-feira-08-07-em-brasilia-df\" target=\"_blank\" rel=\"noreferrer noopener\">Semin\u00e1rio&nbsp;<em>\u201cA Reforma Administrativa\u201d<\/em><\/a>. O evento ocorreu no Anexo II da C\u00e2mara dos Deputados (Audit\u00f3rio Nereu Ramos), em Bras\u00edlia-DF.<\/p>\n\n\n\n<p>O Semin\u00e1rio\u00a0<em>\u201cA Reforma Administrativa\u201d<\/em>\u00a0reuniu parlamentares, especialistas e entidades representativas (dentre estas, o Sinasefe, que faz parte das entidades que coordenam a Frente Parlamentar Mista em Defesa do Servi\u00e7o P\u00fablico) numa discuss\u00e3o cr\u00edtica \u00e0\u00a0<a href=\"https:\/\/sinasefe.org.br\/site\/reforma-administrativa\" target=\"_blank\" rel=\"noreferrer noopener\">Reforma Administrativa<\/a>\u00a0e aos seus impactos negativos sobre o servi\u00e7o p\u00fablico e sobre toda a sociedade brasileira.<\/p>\n\n\n\n<p>Num momento em que&nbsp;<a href=\"https:\/\/sinasefe.org.br\/site\/informe-sobre-o-pl-da-reestruturacao-das-carreiras\" target=\"_blank\" rel=\"noreferrer noopener\">se instaurou, na C\u00e2mara dos Deputados, um Grupo de Trabalho<\/a>&nbsp;(GT) para a Reforma Administrativa \u2013 criado com pouca representatividade e quase nenhum di\u00e1logo com a sociedade -, este Semin\u00e1rio se pautou como espa\u00e7o leg\u00edtimo de constru\u00e7\u00e3o de alternativas e de unifica\u00e7\u00e3o de estrat\u00e9gias contra retrocessos.<\/p>\n\n\n\n<p>Assista a \u00edntegra do evento no\u00a0<a href=\"https:\/\/youtu.be\/WG6kNWryl4U\" target=\"_blank\" rel=\"noreferrer noopener\">v\u00eddeo <\/a>(<a href=\"https:\/\/www.youtube.com\/live\/wEPoHquJQo0\" target=\"_blank\" rel=\"noreferrer noopener\">transmitido originalmente<\/a>\u00a0pela\u00a0<a href=\"https:\/\/www.youtube.com\/@camaradosdeputadosoficial\" target=\"_blank\" rel=\"noreferrer noopener\">TV C\u00e2mara<\/a>).<\/p>\n\n\n\n<figure class=\"wp-block-image size-large is-resized\"><img fetchpriority=\"high\" decoding=\"async\" width=\"1024\" height=\"768\" src=\"https:\/\/sinasefesm.com\/wp-content\/uploads\/2025\/07\/seminario-reforma-adm-3-1024x768.jpeg\" alt=\"\" class=\"wp-image-7529\" style=\"width:622px;height:auto\" srcset=\"https:\/\/sinasefesm.com\/wp-content\/uploads\/2025\/07\/seminario-reforma-adm-3-1024x768.jpeg 1024w, https:\/\/sinasefesm.com\/wp-content\/uploads\/2025\/07\/seminario-reforma-adm-3-300x225.jpeg 300w, https:\/\/sinasefesm.com\/wp-content\/uploads\/2025\/07\/seminario-reforma-adm-3-768x576.jpeg 768w, https:\/\/sinasefesm.com\/wp-content\/uploads\/2025\/07\/seminario-reforma-adm-3-150x113.jpeg 150w, https:\/\/sinasefesm.com\/wp-content\/uploads\/2025\/07\/seminario-reforma-adm-3-450x338.jpeg 450w, https:\/\/sinasefesm.com\/wp-content\/uploads\/2025\/07\/seminario-reforma-adm-3-1200x900.jpeg 1200w, https:\/\/sinasefesm.com\/wp-content\/uploads\/2025\/07\/seminario-reforma-adm-3.jpeg 1280w\" sizes=\"(max-width: 1024px) 100vw, 1024px\" \/><\/figure>\n\n\n\n<p><strong>Jornada de Lutas<\/strong><\/p>\n\n\n\n<p>Este Semin\u00e1rio fez parte da&nbsp;<a href=\"https:\/\/sinasefe.org.br\/site\/jornada-de-lutas-do-fonasefe-contra-a-reforma-administrativa-1o-a-14-de-julho-em-brasilia-df-2\" target=\"_blank\" rel=\"noreferrer noopener\">Jornada de Lutas<\/a>&nbsp;do&nbsp;<a href=\"https:\/\/fonasefe.org\/\" target=\"_blank\" rel=\"noreferrer noopener\">Fonasefe<\/a>&nbsp;contra a&nbsp;Reforma Administrativa, realizada&nbsp;<a href=\"https:\/\/sinasefe.org.br\/site\/comunicacao\/agenda\" target=\"_blank\" rel=\"noreferrer noopener\">de 1\u00ba a 14 de julho de 2025<\/a>, com atividades em Bras\u00edlia-DF e tamb\u00e9m nos estados e munic\u00edpios.<\/p>\n\n\n\n<p>O Sinasefe integra tanto a Frente Parlamentar Mista em Defesa do Servi\u00e7o P\u00fablico, na condi\u00e7\u00e3o de entidade coordenadora, quanto o Fonasefe, na condi\u00e7\u00e3o de entidade fundadora do F\u00f3rum.<\/p>\n\n\n\n<h3 class=\"wp-block-heading\" id=\"h-representacao-do-sinasefe\">Representa\u00e7\u00e3o do Sinasefe<\/h3>\n\n\n\n<p>A&nbsp;<a href=\"https:\/\/sinasefe.org.br\/site\/gestao-2024-2026\" target=\"_blank\" rel=\"noreferrer noopener\">Dire\u00e7\u00e3o Nacional<\/a>&nbsp;(DN) do SINASEFE esteve presente no Semin\u00e1rio, representada por Francisco Dias (<a href=\"https:\/\/sinasefe.org.br\/site\/documentos\/direcao-nacional\/coordenacao-de-administracao-e-financas\" target=\"_blank\" rel=\"noreferrer noopener\">secret\u00e1rio geral<\/a>), Elton John Santiago (<a href=\"https:\/\/sinasefe.org.br\/site\/documentos\/direcao-nacional\/coordenacao-de-administracao-e-financas\" target=\"_blank\" rel=\"noreferrer noopener\">2\u00ba tesoureiro<\/a>), Evaldo Gon\u00e7alves (<a href=\"https:\/\/sinasefe.org.br\/site\/documentos\/direcao-nacional\/coordenacao-de-politicas-para-questoes-etnico-raciais\" target=\"_blank\" rel=\"noreferrer noopener\">secret\u00e1rio de pol\u00edticas \u00e9tnico-raciais<\/a>), Grazielle Fel\u00edcio (<a href=\"https:\/\/sinasefe.org.br\/site\/documentos\/direcao-nacional\/coordenacao-de-politicas-para-mulheres\" target=\"_blank\" rel=\"noreferrer noopener\">secret\u00e1ria-adjunta de pol\u00edticas para as mulheres<\/a>) e Manoel Porto J\u00fanior (<a href=\"https:\/\/sinasefe.org.br\/site\/documentos\/direcao-nacional\/coordenacao-geral\" target=\"_blank\" rel=\"noreferrer noopener\">coordenador geral<\/a>).<\/p>\n\n\n\n<p><em>Fonte e imagens: Sinasefe Nacional<br>Edi\u00e7\u00e3o: Fritz Rivail<\/em><\/p>\n\n\n\n<p><\/p>\n","protected":false},"excerpt":{"rendered":"<p>A&nbsp;Frente Parlamentar Mista em Defesa do Servi\u00e7o P\u00fablico&nbsp;realizou&nbsp;na tarde desta ter\u00e7a-feira&nbsp;(08\/07) o&nbsp;Semin\u00e1rio&nbsp;\u201cA Reforma Administrativa\u201d. O evento ocorreu no Anexo II da C\u00e2mara dos Deputados (Audit\u00f3rio Nereu Ramos), em Bras\u00edlia-DF. O Semin\u00e1rio\u00a0\u201cA Reforma Administrativa\u201d\u00a0reuniu parlamentares, especialistas e entidades representativas (dentre estas, o Sinasefe, que faz parte das entidades que coordenam a Frente Parlamentar Mista em Defesa<\/p>\n","protected":false},"author":7,"featured_media":7528,"comment_status":"open","ping_status":"open","sticky":false,"template":"","format":"standard","meta":{"footnotes":""},"categories":[45],"tags":[],"class_list":{"0":"post-7527","1":"post","2":"type-post","3":"status-publish","4":"format-standard","5":"has-post-thumbnail","7":"category-sindicato"},"_links":{"self":[{"href":"https:\/\/sinasefesm.com\/index.php\/wp-json\/wp\/v2\/posts\/7527","targetHints":{"allow":["GET"]}}],"collection":[{"href":"https:\/\/sinasefesm.com\/index.php\/wp-json\/wp\/v2\/posts"}],"about":[{"href":"https:\/\/sinasefesm.com\/index.php\/wp-json\/wp\/v2\/types\/post"}],"author":[{"embeddable":true,"href":"https:\/\/sinasefesm.com\/index.php\/wp-json\/wp\/v2\/users\/7"}],"replies":[{"embeddable":true,"href":"https:\/\/sinasefesm.com\/index.php\/wp-json\/wp\/v2\/comments?post=7527"}],"version-history":[{"count":1,"href":"https:\/\/sinasefesm.com\/index.php\/wp-json\/wp\/v2\/posts\/7527\/revisions"}],"predecessor-version":[{"id":7530,"href":"https:\/\/sinasefesm.com\/index.php\/wp-json\/wp\/v2\/posts\/7527\/revisions\/7530"}],"wp:featuredmedia":[{"embeddable":true,"href":"https:\/\/sinasefesm.com\/index.php\/wp-json\/wp\/v2\/media\/7528"}],"wp:attachment":[{"href":"https:\/\/sinasefesm.com\/index.php\/wp-json\/wp\/v2\/media?parent=7527"}],"wp:term":[{"taxonomy":"category","embeddable":true,"href":"https:\/\/sinasefesm.com\/index.php\/wp-json\/wp\/v2\/categories?post=7527"},{"taxonomy":"post_tag","embeddable":true,"href":"https:\/\/sinasefesm.com\/index.php\/wp-json\/wp\/v2\/tags?post=7527"}],"curies":[{"name":"wp","href":"https:\/\/api.w.org\/{rel}","templated":true}]}}