{"id":7567,"date":"2025-07-15T13:59:41","date_gmt":"2025-07-15T16:59:41","guid":{"rendered":"https:\/\/sinasefesm.com\/?p=7567"},"modified":"2025-07-15T14:00:49","modified_gmt":"2025-07-15T17:00:49","slug":"ato-contra-reforma-administrativa-fecha-jornada-de-lutas-em-brasilia","status":"publish","type":"post","link":"https:\/\/sinasefesm.com\/index.php\/2025\/07\/15\/ato-contra-reforma-administrativa-fecha-jornada-de-lutas-em-brasilia\/","title":{"rendered":"Ato contra Reforma Administrativa fecha jornada de lutas em Bras\u00edlia"},"content":{"rendered":"\n<p>Na&nbsp;<a href=\"https:\/\/sinasefe.org.br\/site\/comunicacao\/agenda\" target=\"_blank\" rel=\"noreferrer noopener\">manh\u00e3 desta segunda-feira<\/a>&nbsp;(14\/07) as entidades classistas do servi\u00e7o p\u00fablico federal voltaram a se mobilizar em Bras\u00edlia-DF.<\/p>\n\n\n\n<p>Aconteceu em frente ao Anexo II da C\u00e2mara dos Deputados, o&nbsp;<a href=\"https:\/\/sinasefe.org.br\/site\/ato-contra-a-reforma-administrativa-23\" target=\"_blank\" rel=\"noreferrer noopener\">ato<\/a>&nbsp;do&nbsp;<a href=\"https:\/\/fonasefe.org\/\" target=\"_blank\" rel=\"noreferrer noopener\">Fonasefe<\/a>&nbsp;contra a&nbsp;<a href=\"https:\/\/sinasefe.org.br\/site\/reforma-administrativa\" target=\"_blank\" rel=\"noreferrer noopener\">Reforma Administrativa<\/a>, atividade que fechou a&nbsp;<a href=\"https:\/\/sinasefe.org.br\/site\/jornada-de-lutas-do-fonasefe-contra-a-reforma-administrativa-1o-a-14-de-julho-em-brasilia-df-2\" target=\"_blank\" rel=\"noreferrer noopener\">Jornada de Lutas contra a Reforma Administrativa<\/a>, realizada de&nbsp;<a href=\"https:\/\/sinasefe.org.br\/site\/comunicacao\/agenda\" target=\"_blank\" rel=\"noreferrer noopener\">1\u00ba a 14 de julho de 2025<\/a>.<\/p>\n\n\n\n<p>O ato tamb\u00e9m teve como pauta a defesa da soberania nacional contra os ataques da extrema-direita.<\/p>\n\n\n\n<h3 class=\"wp-block-heading\" id=\"h-contexto-dos-ataques\">Contexto dos ataques<\/h3>\n\n\n\n<p>A Reforma Administrativa est\u00e1&nbsp;<em>\u201cressuscitando dos mortos\u201d<\/em>&nbsp;por obra de Hugo Motta (presidente da C\u00e2mara), da direita bolsonarista e do centr\u00e3o: um&nbsp;<a href=\"https:\/\/sinasefe.org.br\/site\/informe-sobre-o-pl-da-reestruturacao-das-carreiras\" target=\"_blank\" rel=\"noreferrer noopener\">Grupo de Trabalho (GT) foi aberto<\/a>&nbsp;para tentar destruir e privatizar os servi\u00e7os p\u00fablicos.<\/p>\n\n\n\n<figure class=\"wp-block-image size-large is-resized\"><img fetchpriority=\"high\" decoding=\"async\" width=\"1024\" height=\"576\" src=\"https:\/\/sinasefesm.com\/wp-content\/uploads\/2025\/07\/ato-fonasefe-4-1024x576.jpg\" alt=\"\" class=\"wp-image-7570\" style=\"width:565px;height:auto\" srcset=\"https:\/\/sinasefesm.com\/wp-content\/uploads\/2025\/07\/ato-fonasefe-4-1024x576.jpg 1024w, https:\/\/sinasefesm.com\/wp-content\/uploads\/2025\/07\/ato-fonasefe-4-300x169.jpg 300w, https:\/\/sinasefesm.com\/wp-content\/uploads\/2025\/07\/ato-fonasefe-4-768x432.jpg 768w, https:\/\/sinasefesm.com\/wp-content\/uploads\/2025\/07\/ato-fonasefe-4-1536x864.jpg 1536w, https:\/\/sinasefesm.com\/wp-content\/uploads\/2025\/07\/ato-fonasefe-4-150x84.jpg 150w, https:\/\/sinasefesm.com\/wp-content\/uploads\/2025\/07\/ato-fonasefe-4-450x253.jpg 450w, https:\/\/sinasefesm.com\/wp-content\/uploads\/2025\/07\/ato-fonasefe-4-1200x675.jpg 1200w, https:\/\/sinasefesm.com\/wp-content\/uploads\/2025\/07\/ato-fonasefe-4.jpg 1800w\" sizes=\"(max-width: 1024px) 100vw, 1024px\" \/><\/figure>\n\n\n\n<p>Ao mesmo tempo em que ocorreu o ato, o Sinasefe chamava as pessoas para a vota\u00e7\u00e3o no&nbsp;<a href=\"https:\/\/sinasefe.org.br\/site\/taxacao-de-bilionarios-e-fim-da-jornada-6x1-participe-do-plebiscito-popular-2025\" target=\"_blank\" rel=\"noreferrer noopener\">Plebiscito Popular por um Brasil mais justo<\/a>, ganhando boa ades\u00e3o e participa\u00e7\u00e3o.<\/p>\n\n\n\n<p><em>Fonte e imagens: Sinasefe Nacional<\/em><\/p>\n\n\n\n<p><\/p>\n","protected":false},"excerpt":{"rendered":"<p>Na&nbsp;manh\u00e3 desta segunda-feira&nbsp;(14\/07) as entidades classistas do servi\u00e7o p\u00fablico federal voltaram a se mobilizar em Bras\u00edlia-DF. Aconteceu em frente ao Anexo II da C\u00e2mara dos Deputados, o&nbsp;ato&nbsp;do&nbsp;Fonasefe&nbsp;contra a&nbsp;Reforma Administrativa, atividade que fechou a&nbsp;Jornada de Lutas contra a Reforma Administrativa, realizada de&nbsp;1\u00ba a 14 de julho de 2025. O ato tamb\u00e9m teve como pauta a defesa<\/p>\n","protected":false},"author":7,"featured_media":7568,"comment_status":"open","ping_status":"open","sticky":false,"template":"","format":"standard","meta":{"footnotes":""},"categories":[44],"tags":[],"class_list":{"0":"post-7567","1":"post","2":"type-post","3":"status-publish","4":"format-standard","5":"has-post-thumbnail","7":"category-reforma-administrativa"},"_links":{"self":[{"href":"https:\/\/sinasefesm.com\/index.php\/wp-json\/wp\/v2\/posts\/7567","targetHints":{"allow":["GET"]}}],"collection":[{"href":"https:\/\/sinasefesm.com\/index.php\/wp-json\/wp\/v2\/posts"}],"about":[{"href":"https:\/\/sinasefesm.com\/index.php\/wp-json\/wp\/v2\/types\/post"}],"author":[{"embeddable":true,"href":"https:\/\/sinasefesm.com\/index.php\/wp-json\/wp\/v2\/users\/7"}],"replies":[{"embeddable":true,"href":"https:\/\/sinasefesm.com\/index.php\/wp-json\/wp\/v2\/comments?post=7567"}],"version-history":[{"count":2,"href":"https:\/\/sinasefesm.com\/index.php\/wp-json\/wp\/v2\/posts\/7567\/revisions"}],"predecessor-version":[{"id":7571,"href":"https:\/\/sinasefesm.com\/index.php\/wp-json\/wp\/v2\/posts\/7567\/revisions\/7571"}],"wp:featuredmedia":[{"embeddable":true,"href":"https:\/\/sinasefesm.com\/index.php\/wp-json\/wp\/v2\/media\/7568"}],"wp:attachment":[{"href":"https:\/\/sinasefesm.com\/index.php\/wp-json\/wp\/v2\/media?parent=7567"}],"wp:term":[{"taxonomy":"category","embeddable":true,"href":"https:\/\/sinasefesm.com\/index.php\/wp-json\/wp\/v2\/categories?post=7567"},{"taxonomy":"post_tag","embeddable":true,"href":"https:\/\/sinasefesm.com\/index.php\/wp-json\/wp\/v2\/tags?post=7567"}],"curies":[{"name":"wp","href":"https:\/\/api.w.org\/{rel}","templated":true}]}}