{"id":7579,"date":"2025-07-19T10:47:55","date_gmt":"2025-07-19T13:47:55","guid":{"rendered":"https:\/\/sinasefesm.com\/?p=7579"},"modified":"2025-07-19T10:51:16","modified_gmt":"2025-07-19T13:51:16","slug":"conselhos-da-ufsm-elegem-martha-e-tiago-para-reitor-e-vice-da-ufsm","status":"publish","type":"post","link":"https:\/\/sinasefesm.com\/index.php\/2025\/07\/19\/conselhos-da-ufsm-elegem-martha-e-tiago-para-reitor-e-vice-da-ufsm\/","title":{"rendered":"Conselhos da UFSM elegem Martha e Tiago para reitora e vice-reitor da UFSM"},"content":{"rendered":"\n<p>Os Conselhos Superiores da UFSM se reuniram na manh\u00e3 de sexta, 18, para a vota\u00e7\u00e3o dos nomes que compor\u00e3o a lista tr\u00edplice para os cargos de Reitor(a) e Vice-Reitor(a) da Institui\u00e7\u00e3o.&nbsp;<\/p>\n\n\n\n<p>O processo de elei\u00e7\u00e3o ocorreu menos de um m\u00eas ap\u00f3s a Pesquisa de Opini\u00e3o (25 de junho) que referendou a chapa de Martha Adaime e Tiago Marchesan como os preferidos da comunidade universit\u00e1ria para gerir a institui\u00e7\u00e3o.<\/p>\n\n\n\n<p>Estiveram presentes nesta sexta pela manh\u00e3 105 conselheiros\/as e foram contabilizados 101 votos, entre membros do Conselho Universit\u00e1rio, Conselho de Curadores e Conselho de Pesquisa, Ensino e Extens\u00e3o, que formaram o col\u00e9gio eleitoral.<\/p>\n\n\n\n<p>O primeiro cargo a ser votado foi o de reitor (a). O resultado foi:<\/p>\n\n\n\n<p>Martha Adaime: 91 votos;<br>Tiago Marchesan: 5 votos;<br>Cristina Nogueira: 3 votos;<br>Brancos: 0;<br>Nulos: 2.<\/p>\n\n\n\n<p>Em um segundo momento, ocorreu a elei\u00e7\u00e3o para o cargo de vice-reitor (a). O resultado foi:<\/p>\n\n\n\n<p>Tiago Marchesan: 89 votos;<br>Cristina Nogueira: 8 votos;<br>Martha Adaime: 1 voto;<br>Brancos: 0;<br>Nulos: 3.<\/p>\n\n\n\n<p>Para o professor Claudio Kelling, tesoureiro-geral do Sinasefe Santa Maria, e que esteve na reuni\u00e3o ampliada dos Conselhos, a avalia\u00e7\u00e3o \u00e9 positiva, tendo em vista n\u00e3o apenas o resultado, mas todo o processo, que passou pelo debate com a comunidade da UFSM, a pesquisa com voto sendo parit\u00e1rio, chegando agora ao ponto culminante, que foi a elei\u00e7\u00e3o nos conselhos, conforme prev\u00ea a legisla\u00e7\u00e3o.<\/p>\n\n\n\n<p>A expectativa de Kelling \u00e9 que a decis\u00e3o dos segmentos da UFSM seja respeitada em Bras\u00edlia, pelo governo federal. Al\u00e9m disso, tamb\u00e9m almeja que o di\u00e1logo amplo dos novos gestores com entidades e sindicatos seja mantido e que a universidade continue priorizando a integra\u00e7\u00e3o entre ensino, pesquisa e extens\u00e3o.<\/p>\n\n\n\n<figure class=\"wp-block-image size-full is-resized\"><img fetchpriority=\"high\" decoding=\"async\" width=\"807\" height=\"538\" src=\"https:\/\/sinasefesm.com\/wp-content\/uploads\/2025\/07\/Martha-e-Tiago-foto-2.jpg\" alt=\"\" class=\"wp-image-7581\" style=\"width:638px;height:auto\" srcset=\"https:\/\/sinasefesm.com\/wp-content\/uploads\/2025\/07\/Martha-e-Tiago-foto-2.jpg 807w, https:\/\/sinasefesm.com\/wp-content\/uploads\/2025\/07\/Martha-e-Tiago-foto-2-300x200.jpg 300w, https:\/\/sinasefesm.com\/wp-content\/uploads\/2025\/07\/Martha-e-Tiago-foto-2-768x512.jpg 768w, https:\/\/sinasefesm.com\/wp-content\/uploads\/2025\/07\/Martha-e-Tiago-foto-2-150x100.jpg 150w, https:\/\/sinasefesm.com\/wp-content\/uploads\/2025\/07\/Martha-e-Tiago-foto-2-450x300.jpg 450w\" sizes=\"(max-width: 807px) 100vw, 807px\" \/><\/figure>\n\n\n\n<p><strong>Reitora e vice<\/strong><\/p>\n\n\n\n<p>A reitora eleita, professora Martha Bohrer Adaime, \u00e9 lotada no departamento de Qu\u00edmica do Centro de Ci\u00eancias Naturais e Exatas (CCNE), onde tamb\u00e9m j\u00e1 foi diretora da Unidade. Atualmente, \u00e9 vice-reitora da UFSM.<\/p>\n\n\n\n<p>O vice-reitor eleito, Tiago Bandeira Marchesan, \u00e9 docente do departamento de Eletromec\u00e2nica e Sistemas de Pot\u00eancia. Ele tamb\u00e9m \u00e9 diretor do Centro de Tecnologia (CT).<\/p>\n\n\n\n<p><em>Edi\u00e7\u00e3o: Fritz Rivail<br>Fotos: Paulo Bara\u00fana\/A.I. UFSM<\/em><\/p>\n\n\n\n<p><\/p>\n","protected":false},"excerpt":{"rendered":"<p>Os Conselhos Superiores da UFSM se reuniram na manh\u00e3 de sexta, 18, para a vota\u00e7\u00e3o dos nomes que compor\u00e3o a lista tr\u00edplice para os cargos de Reitor(a) e Vice-Reitor(a) da Institui\u00e7\u00e3o.&nbsp; O processo de elei\u00e7\u00e3o ocorreu menos de um m\u00eas ap\u00f3s a Pesquisa de Opini\u00e3o (25 de junho) que referendou a chapa de Martha Adaime<\/p>\n","protected":false},"author":7,"featured_media":7580,"comment_status":"open","ping_status":"open","sticky":false,"template":"","format":"standard","meta":{"footnotes":""},"categories":[42],"tags":[],"class_list":{"0":"post-7579","1":"post","2":"type-post","3":"status-publish","4":"format-standard","5":"has-post-thumbnail","7":"category-noticia"},"_links":{"self":[{"href":"https:\/\/sinasefesm.com\/index.php\/wp-json\/wp\/v2\/posts\/7579","targetHints":{"allow":["GET"]}}],"collection":[{"href":"https:\/\/sinasefesm.com\/index.php\/wp-json\/wp\/v2\/posts"}],"about":[{"href":"https:\/\/sinasefesm.com\/index.php\/wp-json\/wp\/v2\/types\/post"}],"author":[{"embeddable":true,"href":"https:\/\/sinasefesm.com\/index.php\/wp-json\/wp\/v2\/users\/7"}],"replies":[{"embeddable":true,"href":"https:\/\/sinasefesm.com\/index.php\/wp-json\/wp\/v2\/comments?post=7579"}],"version-history":[{"count":3,"href":"https:\/\/sinasefesm.com\/index.php\/wp-json\/wp\/v2\/posts\/7579\/revisions"}],"predecessor-version":[{"id":7584,"href":"https:\/\/sinasefesm.com\/index.php\/wp-json\/wp\/v2\/posts\/7579\/revisions\/7584"}],"wp:featuredmedia":[{"embeddable":true,"href":"https:\/\/sinasefesm.com\/index.php\/wp-json\/wp\/v2\/media\/7580"}],"wp:attachment":[{"href":"https:\/\/sinasefesm.com\/index.php\/wp-json\/wp\/v2\/media?parent=7579"}],"wp:term":[{"taxonomy":"category","embeddable":true,"href":"https:\/\/sinasefesm.com\/index.php\/wp-json\/wp\/v2\/categories?post=7579"},{"taxonomy":"post_tag","embeddable":true,"href":"https:\/\/sinasefesm.com\/index.php\/wp-json\/wp\/v2\/tags?post=7579"}],"curies":[{"name":"wp","href":"https:\/\/api.w.org\/{rel}","templated":true}]}}