{"id":7585,"date":"2025-07-22T14:16:37","date_gmt":"2025-07-22T17:16:37","guid":{"rendered":"https:\/\/sinasefesm.com\/?p=7585"},"modified":"2025-07-22T14:16:37","modified_gmt":"2025-07-22T17:16:37","slug":"sinasefe-participa-na-camara-de-lancamento-do-plebiscito-popular","status":"publish","type":"post","link":"https:\/\/sinasefesm.com\/index.php\/2025\/07\/22\/sinasefe-participa-na-camara-de-lancamento-do-plebiscito-popular\/","title":{"rendered":"Sinasefe participa na C\u00e2mara de lan\u00e7amento do Plebiscito Popular"},"content":{"rendered":"\n<p>O Sinasefe marcou presen\u00e7a na\u00a0<a href=\"https:\/\/sinasefe.org.br\/site\/plebiscito-popular-por-um-brasil-mais-justo-foi-lancado-oficialmente-na-camara-dos-deputados\" target=\"_blank\" rel=\"noreferrer noopener\">solenidade de lan\u00e7amento<\/a>\u00a0do\u00a0<a href=\"https:\/\/plebiscitopopular.org.br\/\" target=\"_blank\" rel=\"noreferrer noopener\">Plebiscito Popular por um Brasil mais justo<\/a>,\u00a0<a href=\"https:\/\/sinasefe.org.br\/site\/comunicacao\/agenda\" target=\"_blank\" rel=\"noreferrer noopener\">realizada em 16 de julho<\/a>, na C\u00e2mara dos Deputados (Audit\u00f3rio Nereu Ramos), em Bras\u00edlia-DF.<\/p>\n\n\n\n<p>O evento reuniu representantes de partidos pol\u00edticos, do parlamento brasileiro, de centrais sindicais, de sindicatos, de movimentos sociais, de entidades da sociedade civil organizada e de entidades de juventudes de todo o pa\u00eds.<\/p>\n\n\n\n<p>O Plebiscito Popular \u00e9 uma importante iniciativa de consulta direta \u00e0 popula\u00e7\u00e3o sobre temas centrais para a redu\u00e7\u00e3o das desigualdades sociais e tribut\u00e1rias no Brasil.<\/p>\n\n\n\n<p>A consulta ser\u00e1 levada ao povo nas cidades brasileiras, envolvendo a participa\u00e7\u00e3o popular por meio do voto.<\/p>\n\n\n\n<p><strong>Nesta edi\u00e7\u00e3o, o Plebiscito Popular traz dois eixos fundamentais:<\/strong><\/p>\n\n\n\n<ol start=\"1\" class=\"wp-block-list\">\n<li>Redu\u00e7\u00e3o da jornada de trabalho sem redu\u00e7\u00e3o de sal\u00e1rio e o fim da escala 6\u00d71;<\/li>\n\n\n\n<li>Isen\u00e7\u00e3o do Imposto de Renda para quem ganha at\u00e9 R$ 5 mil\/m\u00eas e maior taxa\u00e7\u00e3o para quem recebe acima de R$ 50 mil\/m\u00eas.<\/li>\n<\/ol>\n\n\n\n<p>O objetivo da iniciativa \u00e9 colocar em debate medidas urgentes para a constru\u00e7\u00e3o de uma sociedade mais justa e igualit\u00e1ria.<\/p>\n\n\n\n<p><em>Fonte e imagem: Sinasefe Nacional<\/em><\/p>\n","protected":false},"excerpt":{"rendered":"<p>O Sinasefe marcou presen\u00e7a na\u00a0solenidade de lan\u00e7amento\u00a0do\u00a0Plebiscito Popular por um Brasil mais justo,\u00a0realizada em 16 de julho, na C\u00e2mara dos Deputados (Audit\u00f3rio Nereu Ramos), em Bras\u00edlia-DF. O evento reuniu representantes de partidos pol\u00edticos, do parlamento brasileiro, de centrais sindicais, de sindicatos, de movimentos sociais, de entidades da sociedade civil organizada e de entidades de juventudes<\/p>\n","protected":false},"author":7,"featured_media":7586,"comment_status":"open","ping_status":"open","sticky":false,"template":"","format":"standard","meta":{"footnotes":""},"categories":[41],"tags":[],"class_list":{"0":"post-7585","1":"post","2":"type-post","3":"status-publish","4":"format-standard","5":"has-post-thumbnail","7":"category-movimento"},"_links":{"self":[{"href":"https:\/\/sinasefesm.com\/index.php\/wp-json\/wp\/v2\/posts\/7585","targetHints":{"allow":["GET"]}}],"collection":[{"href":"https:\/\/sinasefesm.com\/index.php\/wp-json\/wp\/v2\/posts"}],"about":[{"href":"https:\/\/sinasefesm.com\/index.php\/wp-json\/wp\/v2\/types\/post"}],"author":[{"embeddable":true,"href":"https:\/\/sinasefesm.com\/index.php\/wp-json\/wp\/v2\/users\/7"}],"replies":[{"embeddable":true,"href":"https:\/\/sinasefesm.com\/index.php\/wp-json\/wp\/v2\/comments?post=7585"}],"version-history":[{"count":1,"href":"https:\/\/sinasefesm.com\/index.php\/wp-json\/wp\/v2\/posts\/7585\/revisions"}],"predecessor-version":[{"id":7587,"href":"https:\/\/sinasefesm.com\/index.php\/wp-json\/wp\/v2\/posts\/7585\/revisions\/7587"}],"wp:featuredmedia":[{"embeddable":true,"href":"https:\/\/sinasefesm.com\/index.php\/wp-json\/wp\/v2\/media\/7586"}],"wp:attachment":[{"href":"https:\/\/sinasefesm.com\/index.php\/wp-json\/wp\/v2\/media?parent=7585"}],"wp:term":[{"taxonomy":"category","embeddable":true,"href":"https:\/\/sinasefesm.com\/index.php\/wp-json\/wp\/v2\/categories?post=7585"},{"taxonomy":"post_tag","embeddable":true,"href":"https:\/\/sinasefesm.com\/index.php\/wp-json\/wp\/v2\/tags?post=7585"}],"curies":[{"name":"wp","href":"https:\/\/api.w.org\/{rel}","templated":true}]}}