{"id":7589,"date":"2025-07-23T19:49:52","date_gmt":"2025-07-23T22:49:52","guid":{"rendered":"https:\/\/sinasefesm.com\/?p=7589"},"modified":"2025-07-23T20:00:14","modified_gmt":"2025-07-23T23:00:14","slug":"sindicatos-realizarao-manifestacao-em-dia-de-reuniao-com-o-mec","status":"publish","type":"post","link":"https:\/\/sinasefesm.com\/index.php\/2025\/07\/23\/sindicatos-realizarao-manifestacao-em-dia-de-reuniao-com-o-mec\/","title":{"rendered":"Sindicatos realizar\u00e3o manifesto em dia de reuni\u00e3o com o MEC"},"content":{"rendered":"\n<p>Na pr\u00f3xima ter\u00e7a-feira (29\/07), a partir das 9h, as entidades da educa\u00e7\u00e3o federal (Andes-SN, Fasubra e Sinasefe) realizar\u00e3o uma manifesta\u00e7\u00e3o \u00e0s portas do Minist\u00e9rio da Educa\u00e7\u00e3o (MEC), em Bras\u00edlia-DF. O ato ser\u00e1 no mesmo hor\u00e1rio da\u00a0<a href=\"https:\/\/sinasefe.org.br\/site\/mec-convoca-reuniao-da-mesa-setorial-de-negociacao-para-29-07\/\" target=\"_blank\" rel=\"noreferrer noopener\">reuni\u00e3o da Mesa Setorial de Negocia\u00e7\u00e3o Permanente (MSNP)<\/a>, que tamb\u00e9m acontecer\u00e1 no MEC.<\/p>\n\n\n\n<p>A manifesta\u00e7\u00e3o visa pressionar o governo a implementar, urgentemente, os compromissos firmados h\u00e1 mais de um ano,&nbsp;<a href=\"https:\/\/sinasefe.org.br\/site\/greve-2024\/\" target=\"_blank\" rel=\"noreferrer noopener\">ao final da greve<\/a>. Al\u00e9m disso, vai denunciar o andamento da Reforma Administrativa, que ataca os direitos de servidores(as) p\u00fablicos(as) e prejudica a presta\u00e7\u00e3o de servi\u00e7os p\u00fablicos.<\/p>\n\n\n\n<p>O Sinasefe refor\u00e7a a import\u00e2ncia da participa\u00e7\u00e3o de todas as se\u00e7\u00f5es que tiverem condi\u00e7\u00f5es de enviar representa\u00e7\u00f5es e de cada servidor(a) que estiver pela capital federal e pelas proximidades.<\/p>\n\n\n\n<h3 class=\"wp-block-heading\" id=\"h-sobre-a-mesa-setorial\">Sobre a Mesa Setorial<\/h3>\n\n\n\n<p>Desde a sua implementa\u00e7\u00e3o, em abril de 2024, a Mesa Setorial de Negocia\u00e7\u00e3o Permanente se reuniu oito vezes, dentre reuni\u00f5es bilaterais, ordin\u00e1rias e extraordin\u00e1rias, mas ainda sem avan\u00e7os consolidados. As reuni\u00f5es ocorreram em&nbsp;<a href=\"https:\/\/sinasefe.org.br\/site\/informe-das-mesas-de-negociacao-com-o-governo-federal\" target=\"_blank\" rel=\"noreferrer noopener\">11\/04\/2024<\/a>,&nbsp;<a href=\"https:\/\/sinasefe.org.br\/site\/download\/informe-da-coordenacao-de-politicas-educacionais-e-culturais-sobre-a-mesa-setorial-de-negociacao-permanente-com-o-ministerio-da-educacao\/\" target=\"_blank\" rel=\"noreferrer noopener\">13\/05\/2024<\/a>,&nbsp;<a href=\"https:\/\/sinasefe.org.br\/site\/sinasefe-participou-de-reuniao-de-mesa-setorial-com-o-mec-em-07-06\" target=\"_blank\" rel=\"noreferrer noopener\">07\/06\/2024<\/a>,&nbsp;<a href=\"https:\/\/sinasefe.org.br\/site\/reuniao-da-mesa-setorial-de-negociacao-adiciona-propostas-para-analise-da-categoria\" target=\"_blank\" rel=\"noreferrer noopener\">14\/06\/2024<\/a>,&nbsp;<a href=\"https:\/\/sinasefe.org.br\/site\/mesa-setorial-de-negociacao-permanente-debate-e-finaliza-regimento-interno\" target=\"_blank\" rel=\"noreferrer noopener\">28\/11\/2024<\/a>,&nbsp;<a href=\"https:\/\/sinasefe.org.br\/site\/informe-da-reuniao-da-mesa-setorial-de-negociacao-permanente-de-12-05\" target=\"_blank\" rel=\"noreferrer noopener\">12\/05\/2025<\/a>&nbsp;e&nbsp;<a href=\"https:\/\/sinasefe.org.br\/site\/mesa-setorial-confira-o-resumo-das-reunioes-realizadas-com-o-mec-no-ultimo-dia-29-05\/\">29\/05\/2025<\/a>&nbsp;(mesas bilaterais).<\/p>\n\n\n\n<p>O Sinasefe segue em luta pelo cumprimento integral e urgente dos acordos da Greve 2024.\u00a0<a href=\"https:\/\/sinasefe.org.br\/site\/download\/oficio-no-147-2025-inclusao-de-pauta-na-reuniao-da-mesa-setorial-de-negociacao-permanente\/\" target=\"_blank\" rel=\"noreferrer noopener\">Em 28\/05<\/a>\u00a0e\u00a0<a href=\"https:\/\/sinasefe.org.br\/site\/download\/oficio-no-155-2025-cobranca-de-resposta-quanto-a-solicitacao-de-inclusao-de-pauta-na-reuniao-da-mesa-setorial-de-negociacao-permanente-junho-de-2025\/\" target=\"_blank\" rel=\"noreferrer noopener\">em 03\/06<\/a>\u00a0o sindicato oficiou novamente o Minist\u00e9rio da Educa\u00e7\u00e3o (MEC), solicitando debate sobre a jornada de trabalho de seis horas ininterruptas (30 horas semanais) para todas(os) t\u00e9cnico-administrativas(os) em educa\u00e7\u00e3o (TAEs) e a revis\u00e3o das condi\u00e7\u00f5es para concess\u00e3o dos adicionais de insalubridade e periculosidade. Al\u00e9m disso, o SINASEFE\u00a0<a href=\"https:\/\/sinasefe.org.br\/site\/conheca-a-pauta-do-sinasefe-para-a-mesa-setorial-de-negociacao-permanente\/\" target=\"_blank\" rel=\"noreferrer noopener\">atualizou a sua pauta para a MSNP<\/a>\u00a0em fevereiro deste ano.<\/p>\n\n\n\n<p><em>Fonte e imagem: Sinasefe Nacional<\/em><\/p>\n","protected":false},"excerpt":{"rendered":"<p>Na pr\u00f3xima ter\u00e7a-feira (29\/07), a partir das 9h, as entidades da educa\u00e7\u00e3o federal (Andes-SN, Fasubra e Sinasefe) realizar\u00e3o uma manifesta\u00e7\u00e3o \u00e0s portas do Minist\u00e9rio da Educa\u00e7\u00e3o (MEC), em Bras\u00edlia-DF. O ato ser\u00e1 no mesmo hor\u00e1rio da\u00a0reuni\u00e3o da Mesa Setorial de Negocia\u00e7\u00e3o Permanente (MSNP), que tamb\u00e9m acontecer\u00e1 no MEC. A manifesta\u00e7\u00e3o visa pressionar o governo a<\/p>\n","protected":false},"author":7,"featured_media":7590,"comment_status":"open","ping_status":"open","sticky":false,"template":"","format":"standard","meta":{"footnotes":""},"categories":[45],"tags":[],"class_list":{"0":"post-7589","1":"post","2":"type-post","3":"status-publish","4":"format-standard","5":"has-post-thumbnail","7":"category-sindicato"},"_links":{"self":[{"href":"https:\/\/sinasefesm.com\/index.php\/wp-json\/wp\/v2\/posts\/7589","targetHints":{"allow":["GET"]}}],"collection":[{"href":"https:\/\/sinasefesm.com\/index.php\/wp-json\/wp\/v2\/posts"}],"about":[{"href":"https:\/\/sinasefesm.com\/index.php\/wp-json\/wp\/v2\/types\/post"}],"author":[{"embeddable":true,"href":"https:\/\/sinasefesm.com\/index.php\/wp-json\/wp\/v2\/users\/7"}],"replies":[{"embeddable":true,"href":"https:\/\/sinasefesm.com\/index.php\/wp-json\/wp\/v2\/comments?post=7589"}],"version-history":[{"count":2,"href":"https:\/\/sinasefesm.com\/index.php\/wp-json\/wp\/v2\/posts\/7589\/revisions"}],"predecessor-version":[{"id":7592,"href":"https:\/\/sinasefesm.com\/index.php\/wp-json\/wp\/v2\/posts\/7589\/revisions\/7592"}],"wp:featuredmedia":[{"embeddable":true,"href":"https:\/\/sinasefesm.com\/index.php\/wp-json\/wp\/v2\/media\/7590"}],"wp:attachment":[{"href":"https:\/\/sinasefesm.com\/index.php\/wp-json\/wp\/v2\/media?parent=7589"}],"wp:term":[{"taxonomy":"category","embeddable":true,"href":"https:\/\/sinasefesm.com\/index.php\/wp-json\/wp\/v2\/categories?post=7589"},{"taxonomy":"post_tag","embeddable":true,"href":"https:\/\/sinasefesm.com\/index.php\/wp-json\/wp\/v2\/tags?post=7589"}],"curies":[{"name":"wp","href":"https:\/\/api.w.org\/{rel}","templated":true}]}}