{"id":7593,"date":"2025-07-25T17:51:31","date_gmt":"2025-07-25T20:51:31","guid":{"rendered":"https:\/\/sinasefesm.com\/?p=7593"},"modified":"2025-07-25T17:51:32","modified_gmt":"2025-07-25T20:51:32","slug":"entidades-exigirao-cumprimento-dos-acordos-de-greve-na-reuniao-do-dia-29-07","status":"publish","type":"post","link":"https:\/\/sinasefesm.com\/index.php\/2025\/07\/25\/entidades-exigirao-cumprimento-dos-acordos-de-greve-na-reuniao-do-dia-29-07\/","title":{"rendered":"Entidades exigir\u00e3o cumprimento dos acordos de greve na reuni\u00e3o do dia 29\/07"},"content":{"rendered":"\n<p>As entidades da Educa\u00e7\u00e3o Federal seguem cobrando o cumprimento imediato dos itens pendentes do acordo da greve de 2024.<br><br>Na manh\u00e3 desta quinta-feira (24\/07), representantes do Sinasefe e do Andes-SN estiveram no Minist\u00e9rio da Educa\u00e7\u00e3o (MEC) protocolando uma carta conjunta exigindo a implementa\u00e7\u00e3o dos itens ainda pendentes nos acordos. O documento destaca demandas priorit\u00e1rias das entidades para a reuni\u00e3o da Mesa Setorial de Negocia\u00e7\u00e3o Permanente (MSNP), marcada para a pr\u00f3xima ter\u00e7a-feira (29\/07).<\/p>\n\n\n\n<p>Andes-SN, Fasubra e Sinasefe tamb\u00e9m est\u00e3o preparando uma manifesta\u00e7\u00e3o \u00e0s portas do MEC no dia 29\/07, acompanhando a reuni\u00e3o da MSNP.<\/p>\n\n\n\n<h3 class=\"wp-block-heading\" id=\"h-participantes\">Participantes<\/h3>\n\n\n\n<p>Pelo Sinasefe participaram do protocolo as seguintes pessoas: Andr\u00e9ia Pinsan (secret\u00e1ria-adjunta de comunica\u00e7\u00e3o), B\u00e1rbara Marques (secret\u00e1ria jur\u00eddica e de rela\u00e7\u00e3o de trabalho), Francisco Freitas (coordenador geral) e Gabriel Oliveira (secret\u00e1rio-adjunto de pol\u00edticas para LGBTQIAPN+).<\/p>\n\n\n\n<p><em>Fonte e imagem: Sinasefe Nacional<\/em><\/p>\n\n\n\n<p><\/p>\n","protected":false},"excerpt":{"rendered":"<p>As entidades da Educa\u00e7\u00e3o Federal seguem cobrando o cumprimento imediato dos itens pendentes do acordo da greve de 2024. Na manh\u00e3 desta quinta-feira (24\/07), representantes do Sinasefe e do Andes-SN estiveram no Minist\u00e9rio da Educa\u00e7\u00e3o (MEC) protocolando uma carta conjunta exigindo a implementa\u00e7\u00e3o dos itens ainda pendentes nos acordos. O documento destaca demandas priorit\u00e1rias das<\/p>\n","protected":false},"author":7,"featured_media":7594,"comment_status":"open","ping_status":"open","sticky":false,"template":"","format":"standard","meta":{"footnotes":""},"categories":[41],"tags":[],"class_list":{"0":"post-7593","1":"post","2":"type-post","3":"status-publish","4":"format-standard","5":"has-post-thumbnail","7":"category-movimento"},"_links":{"self":[{"href":"https:\/\/sinasefesm.com\/index.php\/wp-json\/wp\/v2\/posts\/7593","targetHints":{"allow":["GET"]}}],"collection":[{"href":"https:\/\/sinasefesm.com\/index.php\/wp-json\/wp\/v2\/posts"}],"about":[{"href":"https:\/\/sinasefesm.com\/index.php\/wp-json\/wp\/v2\/types\/post"}],"author":[{"embeddable":true,"href":"https:\/\/sinasefesm.com\/index.php\/wp-json\/wp\/v2\/users\/7"}],"replies":[{"embeddable":true,"href":"https:\/\/sinasefesm.com\/index.php\/wp-json\/wp\/v2\/comments?post=7593"}],"version-history":[{"count":1,"href":"https:\/\/sinasefesm.com\/index.php\/wp-json\/wp\/v2\/posts\/7593\/revisions"}],"predecessor-version":[{"id":7595,"href":"https:\/\/sinasefesm.com\/index.php\/wp-json\/wp\/v2\/posts\/7593\/revisions\/7595"}],"wp:featuredmedia":[{"embeddable":true,"href":"https:\/\/sinasefesm.com\/index.php\/wp-json\/wp\/v2\/media\/7594"}],"wp:attachment":[{"href":"https:\/\/sinasefesm.com\/index.php\/wp-json\/wp\/v2\/media?parent=7593"}],"wp:term":[{"taxonomy":"category","embeddable":true,"href":"https:\/\/sinasefesm.com\/index.php\/wp-json\/wp\/v2\/categories?post=7593"},{"taxonomy":"post_tag","embeddable":true,"href":"https:\/\/sinasefesm.com\/index.php\/wp-json\/wp\/v2\/tags?post=7593"}],"curies":[{"name":"wp","href":"https:\/\/api.w.org\/{rel}","templated":true}]}}