{"id":7596,"date":"2025-07-30T08:38:22","date_gmt":"2025-07-30T11:38:22","guid":{"rendered":"https:\/\/sinasefesm.com\/?p=7596"},"modified":"2025-07-30T08:40:03","modified_gmt":"2025-07-30T11:40:03","slug":"entidades-se-reunem-e-organizam-luta-contra-reforma-administrativa","status":"publish","type":"post","link":"https:\/\/sinasefesm.com\/index.php\/2025\/07\/30\/entidades-se-reunem-e-organizam-luta-contra-reforma-administrativa\/","title":{"rendered":"Reuni\u00e3o sindical marca organiza\u00e7\u00e3o contra reforma administrativa"},"content":{"rendered":"\n<p>Na\u00a0<a href=\"https:\/\/sinasefe.org.br\/site\/comunicacao\/agenda\" target=\"_blank\" rel=\"noreferrer noopener\">tarde desta<\/a>\u00a0ter\u00e7a-feira (29\/07) houve a reuni\u00e3o semanal entre as entidades sindicais da Educa\u00e7\u00e3o Federal, com a participa\u00e7\u00e3o de representantes do Sinasefe, do\u00a0<a href=\"https:\/\/www.andes.org.br\/\" target=\"_blank\" rel=\"noreferrer noopener\">Andes-SN<\/a>\u00a0e da\u00a0<a href=\"https:\/\/fasubra.org.br\/\" target=\"_blank\" rel=\"noreferrer noopener\">Fasubra<\/a>.<\/p>\n\n\n\n<p>A reuni\u00e3o aconteceu na sede do Sinasefe, em Bras\u00edlia-DF, e tamb\u00e9m de forma remota, virtual pela plataforma Zoom.<\/p>\n\n\n\n<p>O objetivo dessa reuni\u00e3o semanal, al\u00e9m de fazer um repasse entre as tr\u00eas entidades do que cada uma est\u00e1 construindo e aprovando rotineiramente em seus f\u00f3runs, \u00e9 articular as lutas conjuntas que sejam poss\u00edveis.<\/p>\n\n\n\n<p>A pauta tratada foi a atua\u00e7\u00e3o conjunta na luta contra a&nbsp;<a href=\"https:\/\/sinasefe.org.br\/site\/reforma-administrativa\" target=\"_blank\" rel=\"noreferrer noopener\">Reforma Administrativa<\/a>, que teve um&nbsp;<a href=\"https:\/\/sinasefe.org.br\/site\/informe-sobre-o-pl-da-reestruturacao-das-carreiras\" target=\"_blank\" rel=\"noreferrer noopener\">Grupo de Trabalho (GT) aberto<\/a>&nbsp;no Congresso Nacional.<\/p>\n\n\n\n<p>Este GT apresentou,&nbsp;<a href=\"https:\/\/sinasefe.org.br\/site\/mobilizacoes-contra-a-reforma-administrativa\" target=\"_blank\" rel=\"noreferrer noopener\">no dia 15 de julho<\/a>, uma proposta elaborada pelo deputado federal Pedro Paulo (PSD-RJ), que indicou os quatro eixos da Reforma Administrativa pretendida pela C\u00e2mara:<\/p>\n\n\n\n<ul class=\"wp-block-list\">\n<li><strong>Eixo 1: Estrat\u00e9gia, Governan\u00e7a e Gest\u00e3o<\/strong>\u00a0\u2013 traz pontos sobre meritocracia, diminui\u00e7\u00e3o de gastos da m\u00e1quina p\u00fablica e o est\u00edmulo \u00e0 competitividade por meio de uma bonifica\u00e7\u00e3o de at\u00e9 dois sal\u00e1rios m\u00ednimos;<\/li>\n\n\n\n<li><strong>Eixo 2: Administra\u00e7\u00e3o Digital<\/strong>\u00a0\u2013 traz pontos sobre a redu\u00e7\u00e3o das Carreiras de Estado e implanta\u00e7\u00e3o do teletrabalho;<\/li>\n\n\n\n<li><strong>Eixo 3: Profissionaliza\u00e7\u00e3o<\/strong>\u00a0\u2013 traz pontos sobre a reestrutura\u00e7\u00e3o das carreiras com padroniza\u00e7\u00e3o de 20 n\u00edveis. Programa volunt\u00e1rio de redu\u00e7\u00e3o de carga hor\u00e1ria com redu\u00e7\u00e3o de sal\u00e1rio e concurso p\u00fablico para contrata\u00e7\u00e3o estatut\u00e1ria com tempo determinado de 10 anos;<\/li>\n\n\n\n<li><strong>Eixo 4: Fim dos Privil\u00e9gios<\/strong>\u00a0\u2013 aborda pontos sobre o fim dos supersal\u00e1rios e programas de combate ao etarismo e ass\u00e9dios.<\/li>\n<\/ul>\n\n\n\n<p>Espera-se que o Relat\u00f3rio do GT seja entregue ao Presidente da C\u00e2mara, Hugo Motta (Republicanos-PB), logo ap\u00f3s o recesso parlamentar, ou seja, no in\u00edcio de agosto.<\/p>\n\n\n\n<p>Em virtude do curto espa\u00e7o de tempo, Sinasefe, Andes-SN e Fasubra est\u00e3o fazendo todo o poss\u00edvel para mobilizar suas bases e, tamb\u00e9m, para acionar as demais entidades do\u00a0<a href=\"https:\/\/fonasefe.org\/\" target=\"_blank\" rel=\"noreferrer noopener\">Fonasefe<\/a>\u00a0e do\u00a0<a href=\"https:\/\/fonacate.org.br\/\" target=\"_blank\" rel=\"noreferrer noopener\">Fonacate<\/a>\u00a0contra essa proposta de desmonte dos servi\u00e7os p\u00fablicos.<\/p>\n\n\n\n<p><em>Fonte e imagem: Sinasefe Nacional<\/em><\/p>\n\n\n\n<p><\/p>\n","protected":false},"excerpt":{"rendered":"<p>Na\u00a0tarde desta\u00a0ter\u00e7a-feira (29\/07) houve a reuni\u00e3o semanal entre as entidades sindicais da Educa\u00e7\u00e3o Federal, com a participa\u00e7\u00e3o de representantes do Sinasefe, do\u00a0Andes-SN\u00a0e da\u00a0Fasubra. A reuni\u00e3o aconteceu na sede do Sinasefe, em Bras\u00edlia-DF, e tamb\u00e9m de forma remota, virtual pela plataforma Zoom. O objetivo dessa reuni\u00e3o semanal, al\u00e9m de fazer um repasse entre as tr\u00eas entidades<\/p>\n","protected":false},"author":7,"featured_media":7597,"comment_status":"open","ping_status":"open","sticky":false,"template":"","format":"standard","meta":{"footnotes":""},"categories":[44],"tags":[],"class_list":{"0":"post-7596","1":"post","2":"type-post","3":"status-publish","4":"format-standard","5":"has-post-thumbnail","7":"category-reforma-administrativa"},"_links":{"self":[{"href":"https:\/\/sinasefesm.com\/index.php\/wp-json\/wp\/v2\/posts\/7596","targetHints":{"allow":["GET"]}}],"collection":[{"href":"https:\/\/sinasefesm.com\/index.php\/wp-json\/wp\/v2\/posts"}],"about":[{"href":"https:\/\/sinasefesm.com\/index.php\/wp-json\/wp\/v2\/types\/post"}],"author":[{"embeddable":true,"href":"https:\/\/sinasefesm.com\/index.php\/wp-json\/wp\/v2\/users\/7"}],"replies":[{"embeddable":true,"href":"https:\/\/sinasefesm.com\/index.php\/wp-json\/wp\/v2\/comments?post=7596"}],"version-history":[{"count":2,"href":"https:\/\/sinasefesm.com\/index.php\/wp-json\/wp\/v2\/posts\/7596\/revisions"}],"predecessor-version":[{"id":7600,"href":"https:\/\/sinasefesm.com\/index.php\/wp-json\/wp\/v2\/posts\/7596\/revisions\/7600"}],"wp:featuredmedia":[{"embeddable":true,"href":"https:\/\/sinasefesm.com\/index.php\/wp-json\/wp\/v2\/media\/7597"}],"wp:attachment":[{"href":"https:\/\/sinasefesm.com\/index.php\/wp-json\/wp\/v2\/media?parent=7596"}],"wp:term":[{"taxonomy":"category","embeddable":true,"href":"https:\/\/sinasefesm.com\/index.php\/wp-json\/wp\/v2\/categories?post=7596"},{"taxonomy":"post_tag","embeddable":true,"href":"https:\/\/sinasefesm.com\/index.php\/wp-json\/wp\/v2\/tags?post=7596"}],"curies":[{"name":"wp","href":"https:\/\/api.w.org\/{rel}","templated":true}]}}