{"id":7601,"date":"2025-07-30T09:01:11","date_gmt":"2025-07-30T12:01:11","guid":{"rendered":"https:\/\/sinasefesm.com\/?p=7601"},"modified":"2025-07-30T09:01:11","modified_gmt":"2025-07-30T12:01:11","slug":"reuniao-da-mesa-de-negociacao-no-mec-promessa-de-respostas","status":"publish","type":"post","link":"https:\/\/sinasefesm.com\/index.php\/2025\/07\/30\/reuniao-da-mesa-de-negociacao-no-mec-promessa-de-respostas\/","title":{"rendered":"Reuni\u00e3o da Mesa de Negocia\u00e7\u00e3o no MEC: promessa de respostas"},"content":{"rendered":"\n<p>Aconteceu nesta ter\u00e7a-feira (29\/07) a reuni\u00e3o da Mesa Setorial de Negocia\u00e7\u00e3o Permanente (MMNP), com representantes do Minist\u00e9rio da Educa\u00e7\u00e3o (MEC), em Bras\u00edlia-DF. As representa\u00e7\u00f5es sindicais combativas solicitaram, ainda na semana passada, que a pauta desta reuni\u00e3o&nbsp;<a href=\"https:\/\/sinasefe.org.br\/site\/entidades-exigem-cumprimento-dos-acordos-de-greve-e-priorizam-pautas-para-msnp-de-29-07\/\" target=\"_blank\" rel=\"noreferrer noopener\">contemplasse as demandas mais urgentes das categorias<\/a>. O debate proposto pelo MEC na convoca\u00e7\u00e3o&nbsp;<a href=\"https:\/\/sinasefe.org.br\/site\/mec-convoca-reuniao-da-mesa-setorial-de-negociacao-para-29-07\/\" target=\"_blank\" rel=\"noreferrer noopener\">tratava de itens como PNLD e PEC 96\/2019<\/a>.<\/p>\n\n\n\n<p>O secret\u00e1rio executivo adjunto do MEC, Rodolfo Cabral, se comprometeu a remeter \u00e0s entidades, at\u00e9 a pr\u00f3xima sexta-feira (01\/08), um documento com sinaliza\u00e7\u00f5es relativas aos itens pendentes do acordo de greve. O informe detalhado da reuni\u00e3o ser\u00e1 divulgado em breve.<\/p>\n\n\n\n<p>O SINASEFE foi representado na reuni\u00e3o por Andrea Pereira Moraes (secret\u00e1ria de pol\u00edticas educacionais e culturais do SINASEFE), Alice de Ara\u00fajo Nascimento Pereira (secret\u00e1ria-adjunta de pol\u00edticas educacionais e culturais do SINASEFE), Anna Luiza Moura (sindicalizada do Sindscope-RJ) e William do Nascimento Carvalho (integrante da CNS).<\/p>\n\n\n\n<p>Simultaneamente, as entidades da Educa\u00e7\u00e3o Federal (Andes-SN, Fasubra e SINASEFE) realizam\u00a0<a href=\"https:\/\/sinasefe.org.br\/site\/manifestacao-no-mec-dia-29-07-as-9h-lula-cumpra-os-acordos-de-greve\/\" target=\"_blank\" rel=\"noreferrer noopener\">um ato p\u00fablico<\/a>\u00a0para cobrar o cumprimento urgente dos itens acordos de greve ainda pendentes.<\/p>\n\n\n\n<figure class=\"wp-block-image size-large is-resized\"><img fetchpriority=\"high\" decoding=\"async\" width=\"1024\" height=\"683\" src=\"https:\/\/sinasefesm.com\/wp-content\/uploads\/2025\/07\/Reuniao-MEC-ato-29.07-2-1024x683.jpg\" alt=\"\" class=\"wp-image-7603\" style=\"width:632px;height:auto\" srcset=\"https:\/\/sinasefesm.com\/wp-content\/uploads\/2025\/07\/Reuniao-MEC-ato-29.07-2-1024x683.jpg 1024w, https:\/\/sinasefesm.com\/wp-content\/uploads\/2025\/07\/Reuniao-MEC-ato-29.07-2-300x200.jpg 300w, https:\/\/sinasefesm.com\/wp-content\/uploads\/2025\/07\/Reuniao-MEC-ato-29.07-2-768x512.jpg 768w, https:\/\/sinasefesm.com\/wp-content\/uploads\/2025\/07\/Reuniao-MEC-ato-29.07-2-1536x1024.jpg 1536w, https:\/\/sinasefesm.com\/wp-content\/uploads\/2025\/07\/Reuniao-MEC-ato-29.07-2-150x100.jpg 150w, https:\/\/sinasefesm.com\/wp-content\/uploads\/2025\/07\/Reuniao-MEC-ato-29.07-2-450x300.jpg 450w, https:\/\/sinasefesm.com\/wp-content\/uploads\/2025\/07\/Reuniao-MEC-ato-29.07-2-1200x800.jpg 1200w, https:\/\/sinasefesm.com\/wp-content\/uploads\/2025\/07\/Reuniao-MEC-ato-29.07-2.jpg 1800w\" sizes=\"(max-width: 1024px) 100vw, 1024px\" \/><\/figure>\n\n\n\n<p><em>Fonte e imagens: Sinasefe Nacional<\/em><\/p>\n\n\n\n<p><\/p>\n","protected":false},"excerpt":{"rendered":"<p>Aconteceu nesta ter\u00e7a-feira (29\/07) a reuni\u00e3o da Mesa Setorial de Negocia\u00e7\u00e3o Permanente (MMNP), com representantes do Minist\u00e9rio da Educa\u00e7\u00e3o (MEC), em Bras\u00edlia-DF. As representa\u00e7\u00f5es sindicais combativas solicitaram, ainda na semana passada, que a pauta desta reuni\u00e3o&nbsp;contemplasse as demandas mais urgentes das categorias. O debate proposto pelo MEC na convoca\u00e7\u00e3o&nbsp;tratava de itens como PNLD e PEC<\/p>\n","protected":false},"author":7,"featured_media":7602,"comment_status":"open","ping_status":"open","sticky":false,"template":"","format":"standard","meta":{"footnotes":""},"categories":[45],"tags":[],"class_list":{"0":"post-7601","1":"post","2":"type-post","3":"status-publish","4":"format-standard","5":"has-post-thumbnail","7":"category-sindicato"},"_links":{"self":[{"href":"https:\/\/sinasefesm.com\/index.php\/wp-json\/wp\/v2\/posts\/7601","targetHints":{"allow":["GET"]}}],"collection":[{"href":"https:\/\/sinasefesm.com\/index.php\/wp-json\/wp\/v2\/posts"}],"about":[{"href":"https:\/\/sinasefesm.com\/index.php\/wp-json\/wp\/v2\/types\/post"}],"author":[{"embeddable":true,"href":"https:\/\/sinasefesm.com\/index.php\/wp-json\/wp\/v2\/users\/7"}],"replies":[{"embeddable":true,"href":"https:\/\/sinasefesm.com\/index.php\/wp-json\/wp\/v2\/comments?post=7601"}],"version-history":[{"count":1,"href":"https:\/\/sinasefesm.com\/index.php\/wp-json\/wp\/v2\/posts\/7601\/revisions"}],"predecessor-version":[{"id":7604,"href":"https:\/\/sinasefesm.com\/index.php\/wp-json\/wp\/v2\/posts\/7601\/revisions\/7604"}],"wp:featuredmedia":[{"embeddable":true,"href":"https:\/\/sinasefesm.com\/index.php\/wp-json\/wp\/v2\/media\/7602"}],"wp:attachment":[{"href":"https:\/\/sinasefesm.com\/index.php\/wp-json\/wp\/v2\/media?parent=7601"}],"wp:term":[{"taxonomy":"category","embeddable":true,"href":"https:\/\/sinasefesm.com\/index.php\/wp-json\/wp\/v2\/categories?post=7601"},{"taxonomy":"post_tag","embeddable":true,"href":"https:\/\/sinasefesm.com\/index.php\/wp-json\/wp\/v2\/tags?post=7601"}],"curies":[{"name":"wp","href":"https:\/\/api.w.org\/{rel}","templated":true}]}}