{"id":7606,"date":"2025-08-01T18:19:12","date_gmt":"2025-08-01T21:19:12","guid":{"rendered":"https:\/\/sinasefesm.com\/?p=7606"},"modified":"2025-08-01T18:19:12","modified_gmt":"2025-08-01T21:19:12","slug":"sinasefe-tem-reuniao-com-ministerio-da-defesa-e-cobra-direitos","status":"publish","type":"post","link":"https:\/\/sinasefesm.com\/index.php\/2025\/08\/01\/sinasefe-tem-reuniao-com-ministerio-da-defesa-e-cobra-direitos\/","title":{"rendered":"Sinasefe tem reuni\u00e3o com Minist\u00e9rio da Defesa e cobra direitos"},"content":{"rendered":"\n<p>O Sinasefe\u00a0<a href=\"https:\/\/sinasefe.org.br\/site\/reuniao-com-ministerio-da-defesa-6\" target=\"_blank\" rel=\"noreferrer noopener\">participou<\/a>\u00a0na\u00a0<a href=\"https:\/\/sinasefe.org.br\/site\/comunicacao\/agenda\" target=\"_blank\" rel=\"noreferrer noopener\">quarta-feira<\/a>\u00a0(30\/07) de uma reuni\u00e3o com o Departamento de Administra\u00e7\u00e3o Interna (Deadi), ligado \u00e0 Secretaria de Or\u00e7amento e Organiza\u00e7\u00e3o Institucional (Seori) do Minist\u00e9rio da Defesa (MD).<\/p>\n\n\n\n<p>A reuni\u00e3o ocorreu no pr\u00e9dio do Anexo 1 do MD, em Bras\u00edlia-DF, tendo como principais pautas:<\/p>\n\n\n\n<ol class=\"wp-block-list\">\n<li>calend\u00e1rio geral;<\/li>\n\n\n\n<li>concursos p\u00fablicos para docentes;<\/li>\n\n\n\n<li>enquadramento na\u00a0<a href=\"https:\/\/www.planalto.gov.br\/ccivil_03\/_ato2011-2014\/2012\/lei\/l12772.htm\" target=\"_blank\" rel=\"noreferrer noopener\">carreira do Ensino B\u00e1sico, T\u00e9cnico e Tecnol\u00f3gico (EBTT)<\/a>.<\/li>\n<\/ol>\n\n\n\n<p>Sobre calend\u00e1rio geral, foram expostas situa\u00e7\u00f5es de imposi\u00e7\u00e3o de fracionamento de f\u00e9rias e de exist\u00eancia de expedientes em feriados oficiais e pontos facultativos.<\/p>\n\n\n\n<p>Acerca dos concursos p\u00fablicos, o sindicato buscou informa\u00e7\u00f5es dos crit\u00e9rios para a distribui\u00e7\u00e3o das vagas.<\/p>\n\n\n\n<p>E na quest\u00e3o do enquadramento na carreira EBTT, o Sinasefe apresentou problemas existentes \u2013 como no caso dos docentes que entraram ap\u00f3s 2013 e est\u00e3o com progress\u00f5es atrasadas.<\/p>\n\n\n\n<h3 class=\"wp-block-heading\" id=\"h-representacao-do-sindicato\">Representa\u00e7\u00e3o do sindicato<\/h3>\n\n\n\n<p>O Sinasefe foi representado no espa\u00e7o por Amaury Garcia (<a href=\"https:\/\/sinasefe.org.br\/site\/documentos\/direcao-nacional\/?coordenacao-de-politica-para-as-instituicoes-de-ensino-subordinadas-ou-vinculadas-ao-ministerio-da-defesa\" target=\"_blank\" rel=\"noreferrer noopener\">secret\u00e1rio-adjunto de pol\u00edticas para as IFEs ligadas ao Minist\u00e9rio da Defesa<\/a>).<\/p>\n\n\n\n<p><em>Fonte e imagem: Sinasefe Nacional<\/em><\/p>\n\n\n\n<p><\/p>\n","protected":false},"excerpt":{"rendered":"<p>O Sinasefe\u00a0participou\u00a0na\u00a0quarta-feira\u00a0(30\/07) de uma reuni\u00e3o com o Departamento de Administra\u00e7\u00e3o Interna (Deadi), ligado \u00e0 Secretaria de Or\u00e7amento e Organiza\u00e7\u00e3o Institucional (Seori) do Minist\u00e9rio da Defesa (MD). A reuni\u00e3o ocorreu no pr\u00e9dio do Anexo 1 do MD, em Bras\u00edlia-DF, tendo como principais pautas: Sobre calend\u00e1rio geral, foram expostas situa\u00e7\u00f5es de imposi\u00e7\u00e3o de fracionamento de f\u00e9rias e<\/p>\n","protected":false},"author":7,"featured_media":7607,"comment_status":"open","ping_status":"open","sticky":false,"template":"","format":"standard","meta":{"footnotes":""},"categories":[1],"tags":[],"class_list":{"0":"post-7606","1":"post","2":"type-post","3":"status-publish","4":"format-standard","5":"has-post-thumbnail","7":"category-blog"},"_links":{"self":[{"href":"https:\/\/sinasefesm.com\/index.php\/wp-json\/wp\/v2\/posts\/7606","targetHints":{"allow":["GET"]}}],"collection":[{"href":"https:\/\/sinasefesm.com\/index.php\/wp-json\/wp\/v2\/posts"}],"about":[{"href":"https:\/\/sinasefesm.com\/index.php\/wp-json\/wp\/v2\/types\/post"}],"author":[{"embeddable":true,"href":"https:\/\/sinasefesm.com\/index.php\/wp-json\/wp\/v2\/users\/7"}],"replies":[{"embeddable":true,"href":"https:\/\/sinasefesm.com\/index.php\/wp-json\/wp\/v2\/comments?post=7606"}],"version-history":[{"count":1,"href":"https:\/\/sinasefesm.com\/index.php\/wp-json\/wp\/v2\/posts\/7606\/revisions"}],"predecessor-version":[{"id":7608,"href":"https:\/\/sinasefesm.com\/index.php\/wp-json\/wp\/v2\/posts\/7606\/revisions\/7608"}],"wp:featuredmedia":[{"embeddable":true,"href":"https:\/\/sinasefesm.com\/index.php\/wp-json\/wp\/v2\/media\/7607"}],"wp:attachment":[{"href":"https:\/\/sinasefesm.com\/index.php\/wp-json\/wp\/v2\/media?parent=7606"}],"wp:term":[{"taxonomy":"category","embeddable":true,"href":"https:\/\/sinasefesm.com\/index.php\/wp-json\/wp\/v2\/categories?post=7606"},{"taxonomy":"post_tag","embeddable":true,"href":"https:\/\/sinasefesm.com\/index.php\/wp-json\/wp\/v2\/tags?post=7606"}],"curies":[{"name":"wp","href":"https:\/\/api.w.org\/{rel}","templated":true}]}}