{"id":7609,"date":"2025-08-01T18:34:25","date_gmt":"2025-08-01T21:34:25","guid":{"rendered":"https:\/\/sinasefesm.com\/?p=7609"},"modified":"2025-08-01T18:39:59","modified_gmt":"2025-08-01T21:39:59","slug":"vigilia-palestina-livre-sinasefe-marcou-presenca","status":"publish","type":"post","link":"https:\/\/sinasefesm.com\/index.php\/2025\/08\/01\/vigilia-palestina-livre-sinasefe-marcou-presenca\/","title":{"rendered":"Vig\u00edlia Palestina livre: Sinasefe marcou presen\u00e7a"},"content":{"rendered":"\n<p>O Sinasefe participou na\u00a0<a href=\"https:\/\/sinasefe.org.br\/site\/comunicacao\/agenda\" target=\"_blank\" rel=\"noreferrer noopener\">noite de quinta<\/a>\u00a0(31\/07) da\u00a0<a href=\"https:\/\/sinasefe.org.br\/site\/vigilia-pela-palestina-livre\" target=\"_blank\" rel=\"noreferrer noopener\">Vig\u00edlia pela Palestina Livre<\/a>, realizada em frente ao Pal\u00e1cio do Itamaraty, em Bras\u00edlia-DF,\u00a0como manifesta\u00e7\u00e3o em apoio ao povo palestino e contra o genoc\u00eddio promovido por Israel.<\/p>\n\n\n\n<p>A Vig\u00edlia pela Palestina Livre cobrou do Governo Lula que o Brasil&nbsp;<a href=\"https:\/\/sinasefe.org.br\/site\/adesao-ao-manifesto-bds-de-solidariedade-ao-povo-palestino\" target=\"_blank\" rel=\"noreferrer noopener\">rompa suas rela\u00e7\u00f5es diplom\u00e1ticas<\/a>&nbsp;com o Estado de Israel.<\/p>\n\n\n\n<h3 class=\"wp-block-heading\" id=\"h-representacao-do-sinasefe\">Representa\u00e7\u00e3o do Sinasefe<\/h3>\n\n\n\n<p>Nosso sindicato foi representado na atividade por Amaury Garcia (<a href=\"https:\/\/sinasefe.org.br\/site\/documentos\/direcao-nacional\/?coordenacao-de-politica-para-as-instituicoes-de-ensino-subordinadas-ou-vinculadas-ao-ministerio-da-defesa\" target=\"_blank\" rel=\"noreferrer noopener\">secret\u00e1rio-adjunto de pol\u00edticas para as IFEs ligadas ao Minist\u00e9rio da Defesa<\/a>) e Andr\u00e9a Moraes (<a href=\"https:\/\/sinasefe.org.br\/site\/documentos\/direcao-nacional\/coordenacao-de-politicas-educacionais-e-culturais\" target=\"_blank\" rel=\"noreferrer noopener\">secret\u00e1ria de pol\u00edticas educacionais e culturais<\/a>).<\/p>\n\n\n\n<p>Representantes da\u00a0<a href=\"https:\/\/sinasefe.org.br\/site\/secoes-sindicais\" target=\"_blank\" rel=\"noreferrer noopener\">se\u00e7\u00e3o sindical<\/a>\u00a0<a href=\"https:\/\/sinasefebrasilia.org.br\/\" target=\"_blank\" rel=\"noreferrer noopener\">Bras\u00edlia-DF<\/a>\u00a0(Camila Ten\u00f3rio e Lucas Barbosa) tamb\u00e9m estiveram presentes na Vig\u00edlia pela Palestina Livre.<\/p>\n\n\n\n<p><em>Fonte e imagens: Sinasefe Nacional<\/em><\/p>\n\n\n\n<p><\/p>\n","protected":false},"excerpt":{"rendered":"<p>O Sinasefe participou na\u00a0noite de quinta\u00a0(31\/07) da\u00a0Vig\u00edlia pela Palestina Livre, realizada em frente ao Pal\u00e1cio do Itamaraty, em Bras\u00edlia-DF,\u00a0como manifesta\u00e7\u00e3o em apoio ao povo palestino e contra o genoc\u00eddio promovido por Israel. A Vig\u00edlia pela Palestina Livre cobrou do Governo Lula que o Brasil&nbsp;rompa suas rela\u00e7\u00f5es diplom\u00e1ticas&nbsp;com o Estado de Israel. Representa\u00e7\u00e3o do Sinasefe Nosso<\/p>\n","protected":false},"author":7,"featured_media":7610,"comment_status":"open","ping_status":"open","sticky":false,"template":"","format":"standard","meta":{"footnotes":""},"categories":[42],"tags":[],"class_list":{"0":"post-7609","1":"post","2":"type-post","3":"status-publish","4":"format-standard","5":"has-post-thumbnail","7":"category-noticia"},"_links":{"self":[{"href":"https:\/\/sinasefesm.com\/index.php\/wp-json\/wp\/v2\/posts\/7609","targetHints":{"allow":["GET"]}}],"collection":[{"href":"https:\/\/sinasefesm.com\/index.php\/wp-json\/wp\/v2\/posts"}],"about":[{"href":"https:\/\/sinasefesm.com\/index.php\/wp-json\/wp\/v2\/types\/post"}],"author":[{"embeddable":true,"href":"https:\/\/sinasefesm.com\/index.php\/wp-json\/wp\/v2\/users\/7"}],"replies":[{"embeddable":true,"href":"https:\/\/sinasefesm.com\/index.php\/wp-json\/wp\/v2\/comments?post=7609"}],"version-history":[{"count":1,"href":"https:\/\/sinasefesm.com\/index.php\/wp-json\/wp\/v2\/posts\/7609\/revisions"}],"predecessor-version":[{"id":7611,"href":"https:\/\/sinasefesm.com\/index.php\/wp-json\/wp\/v2\/posts\/7609\/revisions\/7611"}],"wp:featuredmedia":[{"embeddable":true,"href":"https:\/\/sinasefesm.com\/index.php\/wp-json\/wp\/v2\/media\/7610"}],"wp:attachment":[{"href":"https:\/\/sinasefesm.com\/index.php\/wp-json\/wp\/v2\/media?parent=7609"}],"wp:term":[{"taxonomy":"category","embeddable":true,"href":"https:\/\/sinasefesm.com\/index.php\/wp-json\/wp\/v2\/categories?post=7609"},{"taxonomy":"post_tag","embeddable":true,"href":"https:\/\/sinasefesm.com\/index.php\/wp-json\/wp\/v2\/tags?post=7609"}],"curies":[{"name":"wp","href":"https:\/\/api.w.org\/{rel}","templated":true}]}}