{"id":7613,"date":"2025-08-04T19:06:29","date_gmt":"2025-08-04T22:06:29","guid":{"rendered":"https:\/\/sinasefesm.com\/?p=7613"},"modified":"2025-08-04T19:06:30","modified_gmt":"2025-08-04T22:06:30","slug":"sindicato-participa-de-ato-pela-soberania-do-brasil","status":"publish","type":"post","link":"https:\/\/sinasefesm.com\/index.php\/2025\/08\/04\/sindicato-participa-de-ato-pela-soberania-do-brasil\/","title":{"rendered":"Sindicato participa de ato pela soberania do Brasil"},"content":{"rendered":"\n<p>Na\u00a0<a href=\"https:\/\/sinasefe.org.br\/site\/comunicacao\/agenda\" target=\"_blank\" rel=\"noreferrer noopener\">manh\u00e3 de sexta-feira<\/a>\u00a0(01\/08), o Sinasefe participou de um\u00a0<a href=\"https:\/\/sinasefe.org.br\/site\/ato-em-defesa-da-soberania-nacional\" target=\"_blank\" rel=\"noreferrer noopener\">ato em defesa da soberania do Brasil<\/a>. A atividade ocorreu em frente \u00e0 Embaixada dos Estados Unidos da Am\u00e9rica, em Bras\u00edlia-DF.<\/p>\n\n\n\n<p>Levando-se em considera\u00e7\u00e3o a conjuntura extremamente delicada provocada pelo atual governo estadunidense, o Sinasefe refor\u00e7ou essa atividade de defesa da soberania brasileira e respeito \u00e0s institui\u00e7\u00f5es democr\u00e1ticas do nosso pa\u00eds.<\/p>\n\n\n\n<figure class=\"wp-block-image size-large is-resized\"><img fetchpriority=\"high\" decoding=\"async\" width=\"1024\" height=\"677\" src=\"https:\/\/sinasefesm.com\/wp-content\/uploads\/2025\/08\/ato-soberania-3-1.08-1024x677.jpg\" alt=\"\" class=\"wp-image-7615\" style=\"width:602px;height:auto\" srcset=\"https:\/\/sinasefesm.com\/wp-content\/uploads\/2025\/08\/ato-soberania-3-1.08-1024x677.jpg 1024w, https:\/\/sinasefesm.com\/wp-content\/uploads\/2025\/08\/ato-soberania-3-1.08-300x198.jpg 300w, https:\/\/sinasefesm.com\/wp-content\/uploads\/2025\/08\/ato-soberania-3-1.08-768x508.jpg 768w, https:\/\/sinasefesm.com\/wp-content\/uploads\/2025\/08\/ato-soberania-3-1.08-1536x1015.jpg 1536w, https:\/\/sinasefesm.com\/wp-content\/uploads\/2025\/08\/ato-soberania-3-1.08-150x99.jpg 150w, https:\/\/sinasefesm.com\/wp-content\/uploads\/2025\/08\/ato-soberania-3-1.08-450x298.jpg 450w, https:\/\/sinasefesm.com\/wp-content\/uploads\/2025\/08\/ato-soberania-3-1.08-1200x793.jpg 1200w, https:\/\/sinasefesm.com\/wp-content\/uploads\/2025\/08\/ato-soberania-3-1.08.jpg 1800w\" sizes=\"(max-width: 1024px) 100vw, 1024px\" \/><\/figure>\n\n\n\n<h3 class=\"wp-block-heading\" id=\"h-representacao-do-sinasefe\">Representa\u00e7\u00e3o do Sinasefe<\/h3>\n\n\n\n<p>Nosso sindicato foi representado na atividade por Amaury Garcia (<a href=\"https:\/\/sinasefe.org.br\/site\/documentos\/direcao-nacional\/?coordenacao-de-politica-para-as-instituicoes-de-ensino-subordinadas-ou-vinculadas-ao-ministerio-da-defesa\" target=\"_blank\" rel=\"noreferrer noopener\">secret\u00e1rio-adjunto de pol\u00edticas para as IFEs ligadas ao Minist\u00e9rio da Defesa<\/a>).<\/p>\n\n\n\n<p>Uma representante da&nbsp;<a href=\"https:\/\/sinasefe.org.br\/site\/secoes-sindicais\" target=\"_blank\" rel=\"noreferrer noopener\">se\u00e7\u00e3o sindical<\/a>&nbsp;<a href=\"https:\/\/www.sinasefemt.org.br\/\" target=\"_blank\" rel=\"noreferrer noopener\">IFMT-MT<\/a>&nbsp;(Jussara Meira) tamb\u00e9m esteve presente.<\/p>\n\n\n\n<p><em>Fonte e imagens: Sinasefe Nacional<\/em><\/p>\n\n\n\n<p><\/p>\n","protected":false},"excerpt":{"rendered":"<p>Na\u00a0manh\u00e3 de sexta-feira\u00a0(01\/08), o Sinasefe participou de um\u00a0ato em defesa da soberania do Brasil. A atividade ocorreu em frente \u00e0 Embaixada dos Estados Unidos da Am\u00e9rica, em Bras\u00edlia-DF. Levando-se em considera\u00e7\u00e3o a conjuntura extremamente delicada provocada pelo atual governo estadunidense, o Sinasefe refor\u00e7ou essa atividade de defesa da soberania brasileira e respeito \u00e0s institui\u00e7\u00f5es democr\u00e1ticas<\/p>\n","protected":false},"author":7,"featured_media":7614,"comment_status":"open","ping_status":"open","sticky":false,"template":"","format":"standard","meta":{"footnotes":""},"categories":[42],"tags":[],"class_list":{"0":"post-7613","1":"post","2":"type-post","3":"status-publish","4":"format-standard","5":"has-post-thumbnail","7":"category-noticia"},"_links":{"self":[{"href":"https:\/\/sinasefesm.com\/index.php\/wp-json\/wp\/v2\/posts\/7613","targetHints":{"allow":["GET"]}}],"collection":[{"href":"https:\/\/sinasefesm.com\/index.php\/wp-json\/wp\/v2\/posts"}],"about":[{"href":"https:\/\/sinasefesm.com\/index.php\/wp-json\/wp\/v2\/types\/post"}],"author":[{"embeddable":true,"href":"https:\/\/sinasefesm.com\/index.php\/wp-json\/wp\/v2\/users\/7"}],"replies":[{"embeddable":true,"href":"https:\/\/sinasefesm.com\/index.php\/wp-json\/wp\/v2\/comments?post=7613"}],"version-history":[{"count":1,"href":"https:\/\/sinasefesm.com\/index.php\/wp-json\/wp\/v2\/posts\/7613\/revisions"}],"predecessor-version":[{"id":7616,"href":"https:\/\/sinasefesm.com\/index.php\/wp-json\/wp\/v2\/posts\/7613\/revisions\/7616"}],"wp:featuredmedia":[{"embeddable":true,"href":"https:\/\/sinasefesm.com\/index.php\/wp-json\/wp\/v2\/media\/7614"}],"wp:attachment":[{"href":"https:\/\/sinasefesm.com\/index.php\/wp-json\/wp\/v2\/media?parent=7613"}],"wp:term":[{"taxonomy":"category","embeddable":true,"href":"https:\/\/sinasefesm.com\/index.php\/wp-json\/wp\/v2\/categories?post=7613"},{"taxonomy":"post_tag","embeddable":true,"href":"https:\/\/sinasefesm.com\/index.php\/wp-json\/wp\/v2\/tags?post=7613"}],"curies":[{"name":"wp","href":"https:\/\/api.w.org\/{rel}","templated":true}]}}