{"id":7617,"date":"2025-08-05T13:57:39","date_gmt":"2025-08-05T16:57:39","guid":{"rendered":"https:\/\/sinasefesm.com\/?p=7617"},"modified":"2025-08-05T13:57:39","modified_gmt":"2025-08-05T16:57:39","slug":"entidades-realizam-pressao-a-deputados-em-aeroporto-contra-reforma-administrativa","status":"publish","type":"post","link":"https:\/\/sinasefesm.com\/index.php\/2025\/08\/05\/entidades-realizam-pressao-a-deputados-em-aeroporto-contra-reforma-administrativa\/","title":{"rendered":"Entidades realizam press\u00e3o a deputados em aeroporto contra reforma administrativa"},"content":{"rendered":"\n<p><strong><em>\u201cN\u00e3o \u00e9 Reforma, \u00e9 demoli\u00e7\u00e3o!\u201d<\/em><\/strong>, entoaram lutadores e lutadoras em manifesta\u00e7\u00e3o nesta segunda (05\/08), no Aeroporto de Bras\u00edlia-DF. As entidades combativas de servidores(as) p\u00fablicos(as) fizeram a den\u00fancia dos ataques da Reforma Administrativa, al\u00e9m de buscarem apoio aos servi\u00e7o p\u00fablicos, neste momento de retorno das atividades parlamentares no Congresso Nacional.<\/p>\n\n\n\n<p>A urna que coleta votos do&nbsp;<a href=\"https:\/\/sinasefe.org.br\/site\/plebiscito-popular-por-um-brasil-mais-justo-participe\/\" target=\"_blank\" rel=\"noreferrer noopener\">Plebiscito pelo fim da escala 6\u00d71<\/a>&nbsp;e taxa\u00e7\u00e3o dos super ricos, tamb\u00e9m esteve no no local desta manifesta\u00e7\u00e3o, refor\u00e7ando a coleta de votos e a import\u00e2ncia deste debate.<\/p>\n\n\n\n<p>O SINASEFE refor\u00e7a estas a\u00e7\u00f5es e convoca toda categoria para debater e denunciar as propostas que promovem uma demoli\u00e7\u00e3o e n\u00e3o uma reforma da m\u00e1quina administrativa de fato.<\/p>\n\n\n\n<p>Veja o calend\u00e1rio de lutas completo :<\/p>\n\n\n\n<ul class=\"wp-block-list\">\n<li>06\/08 \u2013\u00a0<a href=\"https:\/\/www.facebook.com\/photo\/?fbid=1294316412703420&amp;set=a.377754134359657\" target=\"_blank\" rel=\"noreferrer noopener\">Reuni\u00e3o de Rearticula\u00e7\u00e3o dos F\u00f3runs Estaduais das Tr\u00eas Esferas<\/a>\u00a0(<a href=\"https:\/\/docs.google.com\/forms\/d\/e\/1FAIpQLSfi90lUTIaN0mbWbxmGAXgeVtEnAcHVgqadg9QduzOLq1o4YA\/viewform\" target=\"_blank\" rel=\"noreferrer noopener\">organizada pelo Fonasefe<\/a>)<\/li>\n\n\n\n<li>11 a 14\/08 \u2013 Jornada de Lutas contra a Reforma Administrativa (a ser confirmada pelo Fonasefe)<\/li>\n\n\n\n<li>15 e 16\/08 \u2013 Semin\u00e1rio\u00a0<em>\u201cDesmonte do Estado\u201d<\/em>, que\u00a0ocorrer\u00e1\u00a0de forma\u00a0h\u00edbrida\u00a0(virtual e no\u00a0audit\u00f3rio do\u00a0<a href=\"https:\/\/sindsep-df.com.br\/\" target=\"_blank\" rel=\"noreferrer noopener\">Sindsep-DF<\/a>)<\/li>\n\n\n\n<li>15 e 16\/08 \u2013 Ato pelo cumprimento dos Acordos de Greve (em frente \u00e0 Casa Civil, a ser constru\u00eddo em conjunto com\u00a0<a href=\"https:\/\/www.andes.org.br\/\" target=\"_blank\" rel=\"noreferrer noopener\">Andes-SN<\/a>\u00a0e\u00a0<a href=\"https:\/\/fasubra.org.br\/\" target=\"_blank\" rel=\"noreferrer noopener\">Fasubra<\/a>\u00a0\u2013 incentivar vinda das bases para Bras\u00edlia-DF)<\/li>\n\n\n\n<li>27 e 28\/08 \u2013 Mobiliza\u00e7\u00e3o do SINASEFE contra a Reforma Administrativa e pelo cumprimento dos Acordos da Greve de 2024 (com atividades nas bases)<\/li>\n\n\n\n<li>07\/09 \u2013\u00a0<a href=\"https:\/\/www.gritodosexcluidos.com\/\" target=\"_blank\" rel=\"noreferrer noopener\">Grito dos Exclu\u00eddos e Exclu\u00eddas<\/a><\/li>\n\n\n\n<li>07\/09 \u2013\u00a0<a href=\"https:\/\/plebiscitopopular.org.br\/\" target=\"_blank\" rel=\"noreferrer noopener\">Plebiscito Popular por um Brasil mais justo<\/a><\/li>\n\n\n\n<li>10 e 11\/09 \u2013 Paralisa\u00e7\u00e3o Nacional da Educa\u00e7\u00e3o Federal (buscando ampliar para as demais entidades do Fonasefe e das Tr\u00eas Esferas do Funcionalismo P\u00fablico, com manifesta\u00e7\u00f5es e Marcha para Bras\u00edlia-DF)<\/li>\n\n\n\n<li>Al\u00e9m desse calend\u00e1rio, foi aprovado tamb\u00e9m (sem data espec\u00edfica) a constru\u00e7\u00e3o de uma Greve Geral da Classe Trabalhadora Brasileira, com pauta abrangente.<\/li>\n<\/ul>\n\n\n\n<p>O Sinasefe foi representado nessa atividade pelas plantonistas: Andr\u00e9ia Pinsan (secret\u00e1ria-adjunta de comunica\u00e7\u00e3o), Cristina Damasceno (plantonista de base do Sinasefe Ifes), Fl\u00e1via Nascimento (secret\u00e1ria de pol\u00edticas para as mulheres), Grazielle Fel\u00edcio (secret\u00e1ria-adjunta de pol\u00edticas para as mulheres) e Roni Rodrigues (coordenador de pessoal TAE).<\/p>\n\n\n\n<figure class=\"wp-block-image size-large is-resized\"><img fetchpriority=\"high\" decoding=\"async\" width=\"1024\" height=\"576\" src=\"https:\/\/sinasefesm.com\/wp-content\/uploads\/2025\/08\/mobiliza-aeroporto-2-5.08-1024x576.jpg\" alt=\"\" class=\"wp-image-7619\" style=\"width:608px;height:auto\" srcset=\"https:\/\/sinasefesm.com\/wp-content\/uploads\/2025\/08\/mobiliza-aeroporto-2-5.08-1024x576.jpg 1024w, https:\/\/sinasefesm.com\/wp-content\/uploads\/2025\/08\/mobiliza-aeroporto-2-5.08-300x169.jpg 300w, https:\/\/sinasefesm.com\/wp-content\/uploads\/2025\/08\/mobiliza-aeroporto-2-5.08-768x432.jpg 768w, https:\/\/sinasefesm.com\/wp-content\/uploads\/2025\/08\/mobiliza-aeroporto-2-5.08-1536x864.jpg 1536w, https:\/\/sinasefesm.com\/wp-content\/uploads\/2025\/08\/mobiliza-aeroporto-2-5.08-150x84.jpg 150w, https:\/\/sinasefesm.com\/wp-content\/uploads\/2025\/08\/mobiliza-aeroporto-2-5.08-450x253.jpg 450w, https:\/\/sinasefesm.com\/wp-content\/uploads\/2025\/08\/mobiliza-aeroporto-2-5.08-1200x675.jpg 1200w, https:\/\/sinasefesm.com\/wp-content\/uploads\/2025\/08\/mobiliza-aeroporto-2-5.08.jpg 1800w\" sizes=\"(max-width: 1024px) 100vw, 1024px\" \/><\/figure>\n\n\n\n<p><em>Fonte e imagens: Sinasefe Nacional<\/em><\/p>\n\n\n\n<p><\/p>\n","protected":false},"excerpt":{"rendered":"<p>\u201cN\u00e3o \u00e9 Reforma, \u00e9 demoli\u00e7\u00e3o!\u201d, entoaram lutadores e lutadoras em manifesta\u00e7\u00e3o nesta segunda (05\/08), no Aeroporto de Bras\u00edlia-DF. As entidades combativas de servidores(as) p\u00fablicos(as) fizeram a den\u00fancia dos ataques da Reforma Administrativa, al\u00e9m de buscarem apoio aos servi\u00e7o p\u00fablicos, neste momento de retorno das atividades parlamentares no Congresso Nacional. A urna que coleta votos do&nbsp;Plebiscito<\/p>\n","protected":false},"author":7,"featured_media":7618,"comment_status":"open","ping_status":"open","sticky":false,"template":"","format":"standard","meta":{"footnotes":""},"categories":[41],"tags":[],"class_list":{"0":"post-7617","1":"post","2":"type-post","3":"status-publish","4":"format-standard","5":"has-post-thumbnail","7":"category-movimento"},"_links":{"self":[{"href":"https:\/\/sinasefesm.com\/index.php\/wp-json\/wp\/v2\/posts\/7617","targetHints":{"allow":["GET"]}}],"collection":[{"href":"https:\/\/sinasefesm.com\/index.php\/wp-json\/wp\/v2\/posts"}],"about":[{"href":"https:\/\/sinasefesm.com\/index.php\/wp-json\/wp\/v2\/types\/post"}],"author":[{"embeddable":true,"href":"https:\/\/sinasefesm.com\/index.php\/wp-json\/wp\/v2\/users\/7"}],"replies":[{"embeddable":true,"href":"https:\/\/sinasefesm.com\/index.php\/wp-json\/wp\/v2\/comments?post=7617"}],"version-history":[{"count":1,"href":"https:\/\/sinasefesm.com\/index.php\/wp-json\/wp\/v2\/posts\/7617\/revisions"}],"predecessor-version":[{"id":7620,"href":"https:\/\/sinasefesm.com\/index.php\/wp-json\/wp\/v2\/posts\/7617\/revisions\/7620"}],"wp:featuredmedia":[{"embeddable":true,"href":"https:\/\/sinasefesm.com\/index.php\/wp-json\/wp\/v2\/media\/7618"}],"wp:attachment":[{"href":"https:\/\/sinasefesm.com\/index.php\/wp-json\/wp\/v2\/media?parent=7617"}],"wp:term":[{"taxonomy":"category","embeddable":true,"href":"https:\/\/sinasefesm.com\/index.php\/wp-json\/wp\/v2\/categories?post=7617"},{"taxonomy":"post_tag","embeddable":true,"href":"https:\/\/sinasefesm.com\/index.php\/wp-json\/wp\/v2\/tags?post=7617"}],"curies":[{"name":"wp","href":"https:\/\/api.w.org\/{rel}","templated":true}]}}