{"id":7621,"date":"2025-08-08T19:03:57","date_gmt":"2025-08-08T22:03:57","guid":{"rendered":"https:\/\/sinasefesm.com\/?p=7621"},"modified":"2025-08-08T19:09:13","modified_gmt":"2025-08-08T22:09:13","slug":"sinasefe-reclama-de-resposta-insuficiente-do-mec-sobre-pendencias-da-greve","status":"publish","type":"post","link":"https:\/\/sinasefesm.com\/index.php\/2025\/08\/08\/sinasefe-reclama-de-resposta-insuficiente-do-mec-sobre-pendencias-da-greve\/","title":{"rendered":"Sinasefe reclama de resposta insuficiente do MEC sobre pend\u00eancias da greve"},"content":{"rendered":"\n<p>E o Minist\u00e9rio da Educa\u00e7\u00e3o (MEC) segue com sua jornada de enrola\u00e7\u00e3o contra o Sinasefe.<\/p>\n\n\n\n<p>Aquela resposta que&nbsp;<a href=\"https:\/\/sinasefe.org.br\/site\/mec-promete-respostas-sobre-pendencias-da-greve-ate-1o-de-agosto\" target=\"_blank\" rel=\"noreferrer noopener\">eles prometeram<\/a>&nbsp;que at\u00e9 a sexta-feira da semana passada (01\/08) chegou na ter\u00e7a-feira desta semana (05\/08), com quatro dias de atraso. E foi uma resposta sem novos avan\u00e7os. Leia abaixo:<\/p>\n\n\n\n<ol class=\"wp-block-list\">\n<li><strong>Reconhecimento de Saberes e Compet\u00eancias (RSC) e 30 horas para os t\u00e9cnico-administrativos:<\/strong>&nbsp;disseram que n\u00e3o \u00e9 com o MEC e mandaram procurar o Minist\u00e9rio da Gest\u00e3o e da Inova\u00e7\u00e3o em Servi\u00e7os P\u00fablicos (MGI);<\/li>\n\n\n\n<li><strong>Democratiza\u00e7\u00e3o das Institui\u00e7\u00f5es Federais de Ensino e&nbsp;<a href=\"https:\/\/sinasefe.org.br\/site\/minuta-de-portaria-conheca-a-proposta-de-novas-diretrizes-para-a-nova-rad\" target=\"_blank\" rel=\"noreferrer noopener\">nova Regulamenta\u00e7\u00e3o da Atividade Docente<\/a>&nbsp;(RAD):<\/strong>&nbsp;mandaram aguardar o m\u00eas de setembro;<\/li>\n\n\n\n<li><strong>Fim do controle de frequ\u00eancia para os docentes:<\/strong>&nbsp;segue na Casa Civil, com conte\u00fado restrito\/sigiloso, sem previs\u00e3o de conclus\u00e3o;<\/li>\n\n\n\n<li><strong>Grupo de Trabalho das 30 horas:<\/strong>&nbsp;afirmaram apenas que foi encerrado em maio, sem explicar qual andamento da demanda ter\u00e1;<\/li>\n\n\n\n<li><strong>RSC dos aposentados:<\/strong>&nbsp;far\u00e3o uma&nbsp;<em>\u201cnova consulta\u201d<\/em>.<\/li>\n<\/ol>\n\n\n\n<p>Essa resposta veio ao Sinasefe por meio do&nbsp;<a href=\"https:\/\/sinasefe.org.br\/site\/download\/oficio-no-942-2025-dp3-gab-se-se-mec-atualizacoes-sobre-os-temas-da-mesa-setorial-de-negociacao-permanente-msnp-no-ambito-do-ministerio-da-educacao-mec\" target=\"_blank\" rel=\"noreferrer noopener\">Oficio n\u00ba 942\/2025\/DP3\/GAB\/SE\/SE-MEC<\/a>.&nbsp;<\/p>\n\n\n\n<p>Confira aqui a an\u00e1lise em <a href=\"https:\/\/www.youtube.com\/shorts\/pELjLY0bs8I\">v\u00eddeo<\/a>.<\/p>\n\n\n\n<p><em>Fonte e imagem: Sinasefe Nacional<\/em><\/p>\n\n\n\n<p><\/p>\n","protected":false},"excerpt":{"rendered":"<p>E o Minist\u00e9rio da Educa\u00e7\u00e3o (MEC) segue com sua jornada de enrola\u00e7\u00e3o contra o Sinasefe. Aquela resposta que&nbsp;eles prometeram&nbsp;que at\u00e9 a sexta-feira da semana passada (01\/08) chegou na ter\u00e7a-feira desta semana (05\/08), com quatro dias de atraso. E foi uma resposta sem novos avan\u00e7os. Leia abaixo: Essa resposta veio ao Sinasefe por meio do&nbsp;Oficio n\u00ba<\/p>\n","protected":false},"author":7,"featured_media":7622,"comment_status":"open","ping_status":"open","sticky":false,"template":"","format":"standard","meta":{"footnotes":""},"categories":[45],"tags":[],"class_list":{"0":"post-7621","1":"post","2":"type-post","3":"status-publish","4":"format-standard","5":"has-post-thumbnail","7":"category-sindicato"},"_links":{"self":[{"href":"https:\/\/sinasefesm.com\/index.php\/wp-json\/wp\/v2\/posts\/7621","targetHints":{"allow":["GET"]}}],"collection":[{"href":"https:\/\/sinasefesm.com\/index.php\/wp-json\/wp\/v2\/posts"}],"about":[{"href":"https:\/\/sinasefesm.com\/index.php\/wp-json\/wp\/v2\/types\/post"}],"author":[{"embeddable":true,"href":"https:\/\/sinasefesm.com\/index.php\/wp-json\/wp\/v2\/users\/7"}],"replies":[{"embeddable":true,"href":"https:\/\/sinasefesm.com\/index.php\/wp-json\/wp\/v2\/comments?post=7621"}],"version-history":[{"count":2,"href":"https:\/\/sinasefesm.com\/index.php\/wp-json\/wp\/v2\/posts\/7621\/revisions"}],"predecessor-version":[{"id":7626,"href":"https:\/\/sinasefesm.com\/index.php\/wp-json\/wp\/v2\/posts\/7621\/revisions\/7626"}],"wp:featuredmedia":[{"embeddable":true,"href":"https:\/\/sinasefesm.com\/index.php\/wp-json\/wp\/v2\/media\/7622"}],"wp:attachment":[{"href":"https:\/\/sinasefesm.com\/index.php\/wp-json\/wp\/v2\/media?parent=7621"}],"wp:term":[{"taxonomy":"category","embeddable":true,"href":"https:\/\/sinasefesm.com\/index.php\/wp-json\/wp\/v2\/categories?post=7621"},{"taxonomy":"post_tag","embeddable":true,"href":"https:\/\/sinasefesm.com\/index.php\/wp-json\/wp\/v2\/tags?post=7621"}],"curies":[{"name":"wp","href":"https:\/\/api.w.org\/{rel}","templated":true}]}}