{"id":7628,"date":"2025-08-11T19:15:23","date_gmt":"2025-08-11T22:15:23","guid":{"rendered":"https:\/\/sinasefesm.com\/?p=7628"},"modified":"2025-08-11T19:15:24","modified_gmt":"2025-08-11T22:15:24","slug":"fonasefe-promove-seminario-sobre-riscos-da-reforma-administrativa","status":"publish","type":"post","link":"https:\/\/sinasefesm.com\/index.php\/2025\/08\/11\/fonasefe-promove-seminario-sobre-riscos-da-reforma-administrativa\/","title":{"rendered":"Fonasefe promove semin\u00e1rio sobre riscos da Reforma Administrativa"},"content":{"rendered":"\n<p>O F\u00f3rum das Entidades Nacionais dos Servidores P\u00fablicos Federais (Fonasefe) realizar\u00e1, nos dias 15 e 16 de agosto, de modo h\u00edbrido, o\u00a0<strong>Semin\u00e1rio Reforma Administrativa: Destrui\u00e7\u00e3o dos Servi\u00e7os P\u00fablicos e dos direitos dos(as) servidores(as)<\/strong>. O evento alcan\u00e7a servidores\/as das tr\u00eas esferas: federal, estadual e municipal.<\/p>\n\n\n\n<p>Estar\u00e3o em pauta os principais ataques contra os servi\u00e7os p\u00fablicos e ser\u00e3o tra\u00e7adas as pr\u00f3ximas mobiliza\u00e7\u00f5es contra os processos de \u201creformas administrativas\u201d em curso.<\/p>\n\n\n\n<p>O semin\u00e1rio ter\u00e1 formato h\u00edbrido: online e presencial (no audit\u00f3rio do Sindsep-DF, localizado no Setor Banc\u00e1rio Sul, Quadra 1, Bloco K, Edif\u00edcio Seguradoras). As inscri\u00e7\u00f5es e orienta\u00e7\u00f5es para participa\u00e7\u00e3o virtual no evento est\u00e3o dispon\u00edveis no formul\u00e1rio:&nbsp;<a href=\"https:\/\/forms.gle\/32dj7S8c2iZZogPi7\" target=\"_blank\" rel=\"noreferrer noopener\">https:\/\/forms.gle\/32dj7S8c2iZZogPi7<\/a>.<\/p>\n\n\n\n<p>Dentre os temas que estar\u00e3o em discuss\u00e3o nesses dois dias est\u00e3o o Arcabou\u00e7o Fiscal, a Contrarreforma da Previd\u00eancia e o atual est\u00e1gio da Reforma Administrativa, que vem sendo tocada pela C\u00e2mara Federal.<\/p>\n\n\n\n<h2 class=\"wp-block-heading\" id=\"h-calendario-do-sinasefe\">Calend\u00e1rio do SINASEFE<\/h2>\n\n\n\n<p>Relembre o calend\u00e1rio do SINASEFE&nbsp;<a href=\"https:\/\/sinasefe.org.br\/site\/paralisacao-nacional-em-10-e-11-de-setembro-vamos-lutar-contra-a-reforma-administrativa-e-cobrar-o-cumprimento-dos-acordos-de-greve\/\">aprovado na 204\u00aa PLENA<\/a>:<\/p>\n\n\n\n<ul class=\"wp-block-list\">\n<li><strong>15 e 16\/08<\/strong>\u00a0\u2013 Semin\u00e1rio\u00a0<em>\u201cDesmonte do Estado\u201d<\/em>, que\u00a0ocorrer\u00e1\u00a0de forma\u00a0h\u00edbrida\u00a0(virtual e no\u00a0audit\u00f3rio do\u00a0<a href=\"https:\/\/sindsep-df.com.br\/\" target=\"_blank\" rel=\"noreferrer noopener\">Sindsep-DF<\/a>);<\/li>\n\n\n\n<li><strong>15 e 16\/08<\/strong>\u00a0\u2013 Ato pelo cumprimento dos Acordos de Greve (em frente \u00e0 Casa Civil, a ser constru\u00eddo em conjunto com\u00a0<a href=\"https:\/\/www.andes.org.br\/\" target=\"_blank\" rel=\"noreferrer noopener\">Andes-SN<\/a>\u00a0e\u00a0<a href=\"https:\/\/fasubra.org.br\/\" target=\"_blank\" rel=\"noreferrer noopener\">Fasubra<\/a>\u00a0\u2013 incentivar vinda das bases para Bras\u00edlia-DF);<\/li>\n\n\n\n<li><strong>27 e 28\/08<\/strong>\u00a0\u2013 Mobiliza\u00e7\u00e3o do SINASEFE contra a Reforma Administrativa e pelo cumprimento dos Acordos da Greve de 2024 (com atividades nas bases);<\/li>\n\n\n\n<li><strong>07\/09<\/strong>\u00a0\u2013\u00a0<a href=\"https:\/\/www.gritodosexcluidos.com\/\" target=\"_blank\" rel=\"noreferrer noopener\">Grito dos Exclu\u00eddos e Exclu\u00eddas<\/a>;<\/li>\n\n\n\n<li><strong>07\/09<\/strong>\u00a0\u2013\u00a0<a href=\"https:\/\/plebiscitopopular.org.br\/\" target=\"_blank\" rel=\"noreferrer noopener\">Plebiscito Popular por um Brasil mais justo<\/a>;<\/li>\n\n\n\n<li><strong>10 e 11\/09\u00a0<\/strong>\u2013 Paralisa\u00e7\u00e3o Nacional da Educa\u00e7\u00e3o Federal (buscando ampliar para as demais entidades do Fonasefe e das Tr\u00eas Esferas do Funcionalismo P\u00fablico, com manifesta\u00e7\u00f5es e Marcha para Bras\u00edlia-DF);<\/li>\n\n\n\n<li>Al\u00e9m desse calend\u00e1rio, foi aprovado tamb\u00e9m (sem data espec\u00edfica) a constru\u00e7\u00e3o de uma Greve Geral da Classe Trabalhadora Brasileira, com pauta abrangente. <br><em>Fonte e imagem: Sinasefe Nacional<\/em><\/li>\n<\/ul>\n\n\n\n<p><\/p>\n","protected":false},"excerpt":{"rendered":"<p>O F\u00f3rum das Entidades Nacionais dos Servidores P\u00fablicos Federais (Fonasefe) realizar\u00e1, nos dias 15 e 16 de agosto, de modo h\u00edbrido, o\u00a0Semin\u00e1rio Reforma Administrativa: Destrui\u00e7\u00e3o dos Servi\u00e7os P\u00fablicos e dos direitos dos(as) servidores(as). O evento alcan\u00e7a servidores\/as das tr\u00eas esferas: federal, estadual e municipal. Estar\u00e3o em pauta os principais ataques contra os servi\u00e7os p\u00fablicos e<\/p>\n","protected":false},"author":7,"featured_media":7629,"comment_status":"open","ping_status":"open","sticky":false,"template":"","format":"standard","meta":{"footnotes":""},"categories":[39],"tags":[],"class_list":{"0":"post-7628","1":"post","2":"type-post","3":"status-publish","4":"format-standard","5":"has-post-thumbnail","7":"category-eventos"},"_links":{"self":[{"href":"https:\/\/sinasefesm.com\/index.php\/wp-json\/wp\/v2\/posts\/7628","targetHints":{"allow":["GET"]}}],"collection":[{"href":"https:\/\/sinasefesm.com\/index.php\/wp-json\/wp\/v2\/posts"}],"about":[{"href":"https:\/\/sinasefesm.com\/index.php\/wp-json\/wp\/v2\/types\/post"}],"author":[{"embeddable":true,"href":"https:\/\/sinasefesm.com\/index.php\/wp-json\/wp\/v2\/users\/7"}],"replies":[{"embeddable":true,"href":"https:\/\/sinasefesm.com\/index.php\/wp-json\/wp\/v2\/comments?post=7628"}],"version-history":[{"count":1,"href":"https:\/\/sinasefesm.com\/index.php\/wp-json\/wp\/v2\/posts\/7628\/revisions"}],"predecessor-version":[{"id":7630,"href":"https:\/\/sinasefesm.com\/index.php\/wp-json\/wp\/v2\/posts\/7628\/revisions\/7630"}],"wp:featuredmedia":[{"embeddable":true,"href":"https:\/\/sinasefesm.com\/index.php\/wp-json\/wp\/v2\/media\/7629"}],"wp:attachment":[{"href":"https:\/\/sinasefesm.com\/index.php\/wp-json\/wp\/v2\/media?parent=7628"}],"wp:term":[{"taxonomy":"category","embeddable":true,"href":"https:\/\/sinasefesm.com\/index.php\/wp-json\/wp\/v2\/categories?post=7628"},{"taxonomy":"post_tag","embeddable":true,"href":"https:\/\/sinasefesm.com\/index.php\/wp-json\/wp\/v2\/tags?post=7628"}],"curies":[{"name":"wp","href":"https:\/\/api.w.org\/{rel}","templated":true}]}}