{"id":7631,"date":"2025-08-13T17:56:31","date_gmt":"2025-08-13T20:56:31","guid":{"rendered":"https:\/\/sinasefesm.com\/?p=7631"},"modified":"2025-08-13T17:56:32","modified_gmt":"2025-08-13T20:56:32","slug":"sindicatos-fazem-nova-pressao-a-deputados-em-aeroporto-contra-reforma-administrativa","status":"publish","type":"post","link":"https:\/\/sinasefesm.com\/index.php\/2025\/08\/13\/sindicatos-fazem-nova-pressao-a-deputados-em-aeroporto-contra-reforma-administrativa\/","title":{"rendered":"Sindicatos fazem nova press\u00e3o a deputados em aeroporto contra reforma administrativa"},"content":{"rendered":"\n<p><em>\u201cN\u00e3o \u00e9 Reforma, \u00e9 demoli\u00e7\u00e3o!\u201d<\/em>, entoaram sindicalistas de diversas categorias do servi\u00e7o p\u00fablico em\u00a0<a href=\"https:\/\/sinasefe.org.br\/site\/ato-no-aeroporto-juscelino-kubitschek-3\" target=\"_blank\" rel=\"noreferrer noopener\">manifesta\u00e7\u00e3o<\/a>\u00a0nesta ter\u00e7a\u00a0(12\/08) no Aeroporto Internacional Juscelino Kubitschek, em Bras\u00edlia-DF. O ato foi\u00a0<a href=\"https:\/\/www.facebook.com\/photo?fbid=1303521281782933&amp;set=a.377754134359657\" target=\"_blank\" rel=\"noreferrer noopener\">convocado<\/a>\u00a0pelo\u00a0<a href=\"https:\/\/fonasefe.org\/\" target=\"_blank\" rel=\"noreferrer noopener\">Fonasefe<\/a>.<\/p>\n\n\n\n<p>As entidades classistas de servidores p\u00fablicos fizeram uma den\u00fancia dos ataques da&nbsp;<a href=\"https:\/\/sinasefe.org.br\/site\/reforma-administrativa\" target=\"_blank\" rel=\"noreferrer noopener\">Reforma Administrativa<\/a>, al\u00e9m de buscarem apoio para defesa dos servi\u00e7o p\u00fablicos, neste momento de retomada das atividades parlamentares no Congresso Nacional.<\/p>\n\n\n\n<p>O Sinasefe refor\u00e7ou esta a\u00e7\u00e3o e segue convocando toda categoria para debater e denunciar as propostas que promovem uma demoli\u00e7\u00e3o (e n\u00e3o uma reforma) da m\u00e1quina administrativa.<\/p>\n\n\n\n<p><em>Fonte e imagem: Sinasefe Nacional<\/em><\/p>\n\n\n\n<p><\/p>\n","protected":false},"excerpt":{"rendered":"<p>\u201cN\u00e3o \u00e9 Reforma, \u00e9 demoli\u00e7\u00e3o!\u201d, entoaram sindicalistas de diversas categorias do servi\u00e7o p\u00fablico em\u00a0manifesta\u00e7\u00e3o\u00a0nesta ter\u00e7a\u00a0(12\/08) no Aeroporto Internacional Juscelino Kubitschek, em Bras\u00edlia-DF. O ato foi\u00a0convocado\u00a0pelo\u00a0Fonasefe. As entidades classistas de servidores p\u00fablicos fizeram uma den\u00fancia dos ataques da&nbsp;Reforma Administrativa, al\u00e9m de buscarem apoio para defesa dos servi\u00e7o p\u00fablicos, neste momento de retomada das atividades parlamentares no<\/p>\n","protected":false},"author":7,"featured_media":7632,"comment_status":"open","ping_status":"open","sticky":false,"template":"","format":"standard","meta":{"footnotes":""},"categories":[44],"tags":[],"class_list":{"0":"post-7631","1":"post","2":"type-post","3":"status-publish","4":"format-standard","5":"has-post-thumbnail","7":"category-reforma-administrativa"},"_links":{"self":[{"href":"https:\/\/sinasefesm.com\/index.php\/wp-json\/wp\/v2\/posts\/7631","targetHints":{"allow":["GET"]}}],"collection":[{"href":"https:\/\/sinasefesm.com\/index.php\/wp-json\/wp\/v2\/posts"}],"about":[{"href":"https:\/\/sinasefesm.com\/index.php\/wp-json\/wp\/v2\/types\/post"}],"author":[{"embeddable":true,"href":"https:\/\/sinasefesm.com\/index.php\/wp-json\/wp\/v2\/users\/7"}],"replies":[{"embeddable":true,"href":"https:\/\/sinasefesm.com\/index.php\/wp-json\/wp\/v2\/comments?post=7631"}],"version-history":[{"count":1,"href":"https:\/\/sinasefesm.com\/index.php\/wp-json\/wp\/v2\/posts\/7631\/revisions"}],"predecessor-version":[{"id":7633,"href":"https:\/\/sinasefesm.com\/index.php\/wp-json\/wp\/v2\/posts\/7631\/revisions\/7633"}],"wp:featuredmedia":[{"embeddable":true,"href":"https:\/\/sinasefesm.com\/index.php\/wp-json\/wp\/v2\/media\/7632"}],"wp:attachment":[{"href":"https:\/\/sinasefesm.com\/index.php\/wp-json\/wp\/v2\/media?parent=7631"}],"wp:term":[{"taxonomy":"category","embeddable":true,"href":"https:\/\/sinasefesm.com\/index.php\/wp-json\/wp\/v2\/categories?post=7631"},{"taxonomy":"post_tag","embeddable":true,"href":"https:\/\/sinasefesm.com\/index.php\/wp-json\/wp\/v2\/tags?post=7631"}],"curies":[{"name":"wp","href":"https:\/\/api.w.org\/{rel}","templated":true}]}}