{"id":7634,"date":"2025-08-14T18:33:58","date_gmt":"2025-08-14T21:33:58","guid":{"rendered":"https:\/\/sinasefesm.com\/?p=7634"},"modified":"2025-08-14T18:33:58","modified_gmt":"2025-08-14T21:33:58","slug":"entidades-apoiam-projeto-que-combate-violencia-contra-mulheres-em-ambiente-universitario","status":"publish","type":"post","link":"https:\/\/sinasefesm.com\/index.php\/2025\/08\/14\/entidades-apoiam-projeto-que-combate-violencia-contra-mulheres-em-ambiente-universitario\/","title":{"rendered":"Entidades apoiam projeto que combate viol\u00eancia contra mulheres em ambiente universit\u00e1rio"},"content":{"rendered":"\n<p>Entidades sindicais e estudantis se manifestaram nesta ter\u00e7a-feira (12\/08) favor\u00e1veis \u00e0 aprova\u00e7\u00e3o, no Senado, do Projeto de Lei n\u00ba 2825\/2022. Proposto pela deputada federal S\u00e2mia Bomfim (PSOL-SP), o projeto estabelece diretrizes para implementa\u00e7\u00e3o da pol\u00edtica de combate \u00e0 viol\u00eancia contra a mulher em ambiente universit\u00e1rio. Aprovado na&nbsp;<a href=\"https:\/\/www.camara.leg.br\/proposicoesWeb\/fichadetramitacao?idProposicao=2338858\" target=\"_blank\" rel=\"noreferrer noopener\">C\u00e2mara em dezembro de 2024<\/a>, o texto agora est\u00e1 sob&nbsp;<a href=\"https:\/\/www25.senado.leg.br\/web\/atividade\/materias\/-\/materia\/166683\" target=\"_blank\" rel=\"noreferrer noopener\">an\u00e1lise do Senado<\/a>.<\/p>\n\n\n\n<h2 class=\"wp-block-heading\" id=\"h-nota-de-apoio-a-aprovacao-do-projeto-de-lei-2825-2022\">Nota de Apoio \u00e0 Aprova\u00e7\u00e3o do Projeto de Lei 2825\/2022<\/h2>\n\n\n\n<p>As associa\u00e7\u00f5es e entidades que assinam a presente nota manifestam apoio e pedem a aprova\u00e7\u00e3o do Projeto de Lei n\u00ba 2825\/2022, de autoria da deputada federal S\u00e2mia Bomfim, entendendo-o como uma medida importante diante na necessidade de tornar as universidades, centros universit\u00e1rios, faculdades e institutos federais ambientes que n\u00e3o naturalizam viol\u00eancia de g\u00eanero. O PL estabelece diretrizes gerais para o combate \u00e0 viol\u00eancia contra a mulher em ambiente universit\u00e1rio. A proposta prev\u00ea que universidades p\u00fablicas, comunit\u00e1rias e privadas (LDB \u2013 art. 19) adotem medidas preventivas e protocolos institucionais para acolhimento e prote\u00e7\u00e3o das v\u00edtimas.<\/p>\n\n\n\n<p>A viol\u00eancia de g\u00eanero, embora reconhecida h\u00e1 mais tempo em outros pa\u00edses, tem ganhado visibilidade recentemente no Brasil. Casos de ass\u00e9dio, amea\u00e7as, humilha\u00e7\u00f5es e viol\u00eancia sexual s\u00e3o frequentes, e podem ocorrer em trotes, festas, salas de aula e outros cen\u00e1rios. Uma pesquisa do Instituto Avon\/Data Popular (2015) revelou que 67% das estudantes universit\u00e1rias afirmaram j\u00e1 ter sofrido viol\u00eancia de um homem na universidade, 56% sofreram ass\u00e9dio e 28% viol\u00eancia sexual. A viol\u00eancia \u00e9 ainda mais grave e invisibilizada em casos de mulheres racializadas, l\u00e9sbicas, bissexuais, transexuais ou em maior vulnerabilidade socioecon\u00f4mica.&nbsp;<strong>A falta de canais confi\u00e1veis e a impunidade dos agressores desincentivam novas den\u00fancias, e, no caso das estudantes, muitas v\u00edtimas acabam se afastando do ambiente acad\u00eamico.<\/strong><\/p>\n\n\n\n<p>A aprova\u00e7\u00e3o do PL 2825\/2022 \u00e9 fundamental para combater a invisibilidade e a banaliza\u00e7\u00e3o da viol\u00eancia de g\u00eanero, estabelecendo diretrizes sobre:<\/p>\n\n\n\n<ul class=\"wp-block-list\">\n<li>Preven\u00e7\u00e3o e conscientiza\u00e7\u00e3o por meio de campanhas e materiais informativos;<\/li>\n\n\n\n<li>Cria\u00e7\u00e3o de mecanismos para receber den\u00fancias e acolher as v\u00edtimas;<\/li>\n\n\n\n<li>Garantia de isonomia, imparcialidade, e publicidade nos \u00f3rg\u00e3os de den\u00fancia e acolhimento;<\/li>\n\n\n\n<li>Prote\u00e7\u00e3o da v\u00edtima, assegurando a dist\u00e2ncia do agressor;<\/li>\n\n\n\n<li>Celeridade nos processos disciplinares.<\/li>\n<\/ul>\n\n\n\n<p>Aprovado na C\u00e2mara dos Deputados, o projeto aguarda aprova\u00e7\u00e3o no Senado Federal para, em seguida, ir \u00e0 san\u00e7\u00e3o do Presidente da Rep\u00fablica, de forma a efetivar, assim, a garantia de aten\u00e7\u00e3o efetiva \u00e0 v\u00edtima e a cria\u00e7\u00e3o de um ambiente de toler\u00e2ncia zero \u00e0 viol\u00eancia.<\/p>\n\n\n\n<p>Assinam em apoio ao PL 2825\/2022, e pedem celeridade na tramita\u00e7\u00e3o e san\u00e7\u00e3o as seguintes entidades e organiza\u00e7\u00f5es:<\/p>\n\n\n\n<ol start=\"1\" class=\"wp-block-list\">\n<li>Andes-SN<\/li>\n\n\n\n<li>Associa\u00e7\u00e3o Brasileira das Institui\u00e7\u00f5es Comunit\u00e1rias de Educa\u00e7\u00e3o Superior \u2013 ABRUC<\/li>\n\n\n\n<li>Conselho de Reitoras e Reitores das Universidades Brasileiras \u2013 CRUB<\/li>\n\n\n\n<li>Fasubra Sindical<\/li>\n\n\n\n<li>Movimento de Mulheres Olga Ben\u00e1rio<\/li>\n\n\n\n<li>DCE \u2013 Unifesp<\/li>\n\n\n\n<li>DCE \u2013 M\u00e1rio Prata \u2013 UFRJ<\/li>\n\n\n\n<li><strong>SINASEFE (Sindicato Nacional dos(as) Servidores(as) Federais da Educa\u00e7\u00e3o B\u00e1sica, Profissional e Tecnol\u00f3gica)<\/strong><\/li>\n<\/ol>\n\n\n\n<p><em>Fonte e imagem: Sinasefe Nacional<\/em><\/p>\n\n\n\n<p><\/p>\n","protected":false},"excerpt":{"rendered":"<p>Entidades sindicais e estudantis se manifestaram nesta ter\u00e7a-feira (12\/08) favor\u00e1veis \u00e0 aprova\u00e7\u00e3o, no Senado, do Projeto de Lei n\u00ba 2825\/2022. Proposto pela deputada federal S\u00e2mia Bomfim (PSOL-SP), o projeto estabelece diretrizes para implementa\u00e7\u00e3o da pol\u00edtica de combate \u00e0 viol\u00eancia contra a mulher em ambiente universit\u00e1rio. Aprovado na&nbsp;C\u00e2mara em dezembro de 2024, o texto agora est\u00e1<\/p>\n","protected":false},"author":7,"featured_media":7635,"comment_status":"open","ping_status":"open","sticky":false,"template":"","format":"standard","meta":{"footnotes":""},"categories":[41],"tags":[],"class_list":{"0":"post-7634","1":"post","2":"type-post","3":"status-publish","4":"format-standard","5":"has-post-thumbnail","7":"category-movimento"},"_links":{"self":[{"href":"https:\/\/sinasefesm.com\/index.php\/wp-json\/wp\/v2\/posts\/7634","targetHints":{"allow":["GET"]}}],"collection":[{"href":"https:\/\/sinasefesm.com\/index.php\/wp-json\/wp\/v2\/posts"}],"about":[{"href":"https:\/\/sinasefesm.com\/index.php\/wp-json\/wp\/v2\/types\/post"}],"author":[{"embeddable":true,"href":"https:\/\/sinasefesm.com\/index.php\/wp-json\/wp\/v2\/users\/7"}],"replies":[{"embeddable":true,"href":"https:\/\/sinasefesm.com\/index.php\/wp-json\/wp\/v2\/comments?post=7634"}],"version-history":[{"count":1,"href":"https:\/\/sinasefesm.com\/index.php\/wp-json\/wp\/v2\/posts\/7634\/revisions"}],"predecessor-version":[{"id":7636,"href":"https:\/\/sinasefesm.com\/index.php\/wp-json\/wp\/v2\/posts\/7634\/revisions\/7636"}],"wp:featuredmedia":[{"embeddable":true,"href":"https:\/\/sinasefesm.com\/index.php\/wp-json\/wp\/v2\/media\/7635"}],"wp:attachment":[{"href":"https:\/\/sinasefesm.com\/index.php\/wp-json\/wp\/v2\/media?parent=7634"}],"wp:term":[{"taxonomy":"category","embeddable":true,"href":"https:\/\/sinasefesm.com\/index.php\/wp-json\/wp\/v2\/categories?post=7634"},{"taxonomy":"post_tag","embeddable":true,"href":"https:\/\/sinasefesm.com\/index.php\/wp-json\/wp\/v2\/tags?post=7634"}],"curies":[{"name":"wp","href":"https:\/\/api.w.org\/{rel}","templated":true}]}}