{"id":7637,"date":"2025-08-14T18:44:13","date_gmt":"2025-08-14T21:44:13","guid":{"rendered":"https:\/\/sinasefesm.com\/?p=7637"},"modified":"2025-08-14T18:44:14","modified_gmt":"2025-08-14T21:44:14","slug":"plebiscito-popular-e-reforma-administrativa-na-pauta-organizativa-de-sindicatos-da-educacao","status":"publish","type":"post","link":"https:\/\/sinasefesm.com\/index.php\/2025\/08\/14\/plebiscito-popular-e-reforma-administrativa-na-pauta-organizativa-de-sindicatos-da-educacao\/","title":{"rendered":"Plebiscito popular e reforma administrativa na pauta organizativa de sindicatos da educa\u00e7\u00e3o"},"content":{"rendered":"\n<p>Andes-SN, Fasubra e Sinasefe se reuniram nesta quarta-feira (13\/08), de modo h\u00edbrido, para debater e organizar a atua\u00e7\u00e3o das entidades classistas da Educa\u00e7\u00e3o Federal.<br><br>A reuni\u00e3o tratou da atua\u00e7\u00e3o conjunta das entidades na luta contra a Reforma Administrativa e da divulga\u00e7\u00e3o do Plebiscito Popular (<a href=\"https:\/\/sinasefe.org.br\/site\/plebiscito-popular-por-um-brasil-mais-justo-participe\/\" target=\"_blank\" rel=\"noreferrer noopener\">pelo fim da escala 6\u00d71 e taxa\u00e7\u00e3o dos super ricos<\/a>). O refor\u00e7o na cobran\u00e7a do cumprimento dos acordos de greve tamb\u00e9m esteve em pauta na atividade.<\/p>\n\n\n\n<p>O grupo tamb\u00e9m falou do Semin\u00e1rio&nbsp;<strong>Reforma Administrativa: Destrui\u00e7\u00e3o dos Servi\u00e7os P\u00fablicos e dos direitos dos(as) servidores(as)<\/strong>, marcado para sexta e s\u00e1bado (15 e 16\/08). Veja&nbsp;<a href=\"https:\/\/sinasefe.org.br\/site\/participe-do-seminario-do-fonasefe-e-diga-nao-a-reforma-administrativa\/\" target=\"_blank\" rel=\"noreferrer noopener\">aqui a programa\u00e7\u00e3o completa do evento<\/a>.<\/p>\n\n\n\n<p>Participaram pelo SINASEFE:<\/p>\n\n\n\n<ul class=\"wp-block-list\">\n<li>Am\u00e1lia Leites (secret\u00e1ria de inclus\u00e3o e acessibilidade),<\/li>\n\n\n\n<li>B\u00e1rbara Marques (secret\u00e1ria jur\u00eddica e de rela\u00e7\u00e3o de trabalho), remotamente,<\/li>\n\n\n\n<li>Francisco Dias (secret\u00e1rio geral),<\/li>\n\n\n\n<li>Francisco Freitas (coordenador geral) e<\/li>\n\n\n\n<li>Warner Lucas (plantonista de base da se\u00e7\u00e3o Cariri-CE).<\/li>\n<\/ul>\n\n\n\n<p><em>Fonte e imagem: Sinasefe Nacional<\/em><\/p>\n\n\n\n<p><\/p>\n","protected":false},"excerpt":{"rendered":"<p>Andes-SN, Fasubra e Sinasefe se reuniram nesta quarta-feira (13\/08), de modo h\u00edbrido, para debater e organizar a atua\u00e7\u00e3o das entidades classistas da Educa\u00e7\u00e3o Federal. A reuni\u00e3o tratou da atua\u00e7\u00e3o conjunta das entidades na luta contra a Reforma Administrativa e da divulga\u00e7\u00e3o do Plebiscito Popular (pelo fim da escala 6\u00d71 e taxa\u00e7\u00e3o dos super ricos). O<\/p>\n","protected":false},"author":7,"featured_media":7638,"comment_status":"open","ping_status":"open","sticky":false,"template":"","format":"standard","meta":{"footnotes":""},"categories":[45],"tags":[],"class_list":{"0":"post-7637","1":"post","2":"type-post","3":"status-publish","4":"format-standard","5":"has-post-thumbnail","7":"category-sindicato"},"_links":{"self":[{"href":"https:\/\/sinasefesm.com\/index.php\/wp-json\/wp\/v2\/posts\/7637","targetHints":{"allow":["GET"]}}],"collection":[{"href":"https:\/\/sinasefesm.com\/index.php\/wp-json\/wp\/v2\/posts"}],"about":[{"href":"https:\/\/sinasefesm.com\/index.php\/wp-json\/wp\/v2\/types\/post"}],"author":[{"embeddable":true,"href":"https:\/\/sinasefesm.com\/index.php\/wp-json\/wp\/v2\/users\/7"}],"replies":[{"embeddable":true,"href":"https:\/\/sinasefesm.com\/index.php\/wp-json\/wp\/v2\/comments?post=7637"}],"version-history":[{"count":1,"href":"https:\/\/sinasefesm.com\/index.php\/wp-json\/wp\/v2\/posts\/7637\/revisions"}],"predecessor-version":[{"id":7639,"href":"https:\/\/sinasefesm.com\/index.php\/wp-json\/wp\/v2\/posts\/7637\/revisions\/7639"}],"wp:featuredmedia":[{"embeddable":true,"href":"https:\/\/sinasefesm.com\/index.php\/wp-json\/wp\/v2\/media\/7638"}],"wp:attachment":[{"href":"https:\/\/sinasefesm.com\/index.php\/wp-json\/wp\/v2\/media?parent=7637"}],"wp:term":[{"taxonomy":"category","embeddable":true,"href":"https:\/\/sinasefesm.com\/index.php\/wp-json\/wp\/v2\/categories?post=7637"},{"taxonomy":"post_tag","embeddable":true,"href":"https:\/\/sinasefesm.com\/index.php\/wp-json\/wp\/v2\/tags?post=7637"}],"curies":[{"name":"wp","href":"https:\/\/api.w.org\/{rel}","templated":true}]}}