{"id":7642,"date":"2025-08-19T18:58:41","date_gmt":"2025-08-19T21:58:41","guid":{"rendered":"https:\/\/sinasefesm.com\/?p=7642"},"modified":"2025-08-19T19:01:31","modified_gmt":"2025-08-19T22:01:31","slug":"seminario-contra-reforma-administrativa-enfatiza-articulacao-com-estados-em-municipios","status":"publish","type":"post","link":"https:\/\/sinasefesm.com\/index.php\/2025\/08\/19\/seminario-contra-reforma-administrativa-enfatiza-articulacao-com-estados-em-municipios\/","title":{"rendered":"Semin\u00e1rio contra Reforma Administrativa enfatiza articula\u00e7\u00e3o com estados em munic\u00edpios"},"content":{"rendered":"\n<p>A abertura do Semin\u00e1rio\u00a0<strong>Reforma Administrativa: Destrui\u00e7\u00e3o dos Servi\u00e7os P\u00fablicos e dos direitos dos(as) trabalhadores(as)<\/strong>\u00a0ressaltou a centralidade da articula\u00e7\u00e3o conjunta de trabalhadoras(es) nos estados e munic\u00edpios para barrar a reforma. Iniciada na sexta (15\/08), no audit\u00f3rio do Sindsep-DF, em Bras\u00edlia-DF,\u00a0<a href=\"https:\/\/www.youtube.com\/live\/Xm2_tKhEuHY\" target=\"_blank\" rel=\"noreferrer noopener\">com transmiss\u00e3o ao vivo<\/a>, a atividade se estendeu at\u00e9 s\u00e1bado (16\/08).<\/p>\n\n\n\n<p>Os trabalhos matutinos do evento foram direcionados aos debates de conjuntura (nacional e internacional), arcabou\u00e7o fiscal e contrarreformas da previd\u00eancia. Fizeram interven\u00e7\u00f5es sobre conjuntura as centrais sindicais: CSP-Conlutas, CUT e CTB. Em rela\u00e7\u00e3o ao arcabou\u00e7o, a palestra ficou por conta de Maria L\u00facia Fattorelli (Auditoria Cidad\u00e3 da D\u00edvida) e de Fabiano Rebelo (Sindireceita) e as contrarreformas foram abordadas por Jos\u00e9 Menezes Gomes (professor da UFAL).<\/p>\n\n\n\n<p>Francisco Freitas (coordenador geral do SINASEFE)&nbsp;<a href=\"https:\/\/www.instagram.com\/p\/DNYMQfSAeW2\/\" target=\"_blank\" rel=\"noreferrer noopener\">destacou que a Reforma Administrativa acaba com os concursos p\u00fablicos<\/a>, em especial no \u00e2mbito dos munic\u00edpios, mas que j\u00e1 aponta cen\u00e1rios destrutivos de precariza\u00e7\u00e3o em todas esferas.<\/p>\n\n\n\n<p>O SINASEFE tamb\u00e9m apresentou suas contribui\u00e7\u00f5es ao debate conjuntural com interven\u00e7\u00f5es de Luiz S\u00e9rgio Ribeiro (secret\u00e1rio-adjunto de forma\u00e7\u00e3o pol\u00edtica e rela\u00e7\u00f5es sindicais), Warner Lucas (plantonista de base da se\u00e7\u00e3o Cariri-CE), Cl\u00e9rio Guaitolini (sindicalizado do Sinasefe Ifes) e Lucr\u00e9cia Iacovino (sindicalizada do Sindscope-RJ).<\/p>\n\n\n\n<p>De modo presencial, estiveram no evento: sindicalizados(as) do Sintietfal, do Sinasefe Ifes e do Sindscope-RJ, al\u00e9m de Francisco Freitas (coordenador geral) e Warner Lucas (plantonista de base da se\u00e7\u00e3o Cariri-CE).<\/p>\n\n\n\n<p>Fonte e imagem: Sinasefe Nacional<\/p>\n\n\n\n<p><\/p>\n","protected":false},"excerpt":{"rendered":"<p>A abertura do Semin\u00e1rio\u00a0Reforma Administrativa: Destrui\u00e7\u00e3o dos Servi\u00e7os P\u00fablicos e dos direitos dos(as) trabalhadores(as)\u00a0ressaltou a centralidade da articula\u00e7\u00e3o conjunta de trabalhadoras(es) nos estados e munic\u00edpios para barrar a reforma. Iniciada na sexta (15\/08), no audit\u00f3rio do Sindsep-DF, em Bras\u00edlia-DF,\u00a0com transmiss\u00e3o ao vivo, a atividade se estendeu at\u00e9 s\u00e1bado (16\/08). Os trabalhos matutinos do evento foram<\/p>\n","protected":false},"author":7,"featured_media":7643,"comment_status":"open","ping_status":"open","sticky":false,"template":"","format":"standard","meta":{"footnotes":""},"categories":[44],"tags":[],"class_list":{"0":"post-7642","1":"post","2":"type-post","3":"status-publish","4":"format-standard","5":"has-post-thumbnail","7":"category-reforma-administrativa"},"_links":{"self":[{"href":"https:\/\/sinasefesm.com\/index.php\/wp-json\/wp\/v2\/posts\/7642","targetHints":{"allow":["GET"]}}],"collection":[{"href":"https:\/\/sinasefesm.com\/index.php\/wp-json\/wp\/v2\/posts"}],"about":[{"href":"https:\/\/sinasefesm.com\/index.php\/wp-json\/wp\/v2\/types\/post"}],"author":[{"embeddable":true,"href":"https:\/\/sinasefesm.com\/index.php\/wp-json\/wp\/v2\/users\/7"}],"replies":[{"embeddable":true,"href":"https:\/\/sinasefesm.com\/index.php\/wp-json\/wp\/v2\/comments?post=7642"}],"version-history":[{"count":2,"href":"https:\/\/sinasefesm.com\/index.php\/wp-json\/wp\/v2\/posts\/7642\/revisions"}],"predecessor-version":[{"id":7645,"href":"https:\/\/sinasefesm.com\/index.php\/wp-json\/wp\/v2\/posts\/7642\/revisions\/7645"}],"wp:featuredmedia":[{"embeddable":true,"href":"https:\/\/sinasefesm.com\/index.php\/wp-json\/wp\/v2\/media\/7643"}],"wp:attachment":[{"href":"https:\/\/sinasefesm.com\/index.php\/wp-json\/wp\/v2\/media?parent=7642"}],"wp:term":[{"taxonomy":"category","embeddable":true,"href":"https:\/\/sinasefesm.com\/index.php\/wp-json\/wp\/v2\/categories?post=7642"},{"taxonomy":"post_tag","embeddable":true,"href":"https:\/\/sinasefesm.com\/index.php\/wp-json\/wp\/v2\/tags?post=7642"}],"curies":[{"name":"wp","href":"https:\/\/api.w.org\/{rel}","templated":true}]}}