{"id":7646,"date":"2025-08-19T19:30:56","date_gmt":"2025-08-19T22:30:56","guid":{"rendered":"https:\/\/sinasefesm.com\/?p=7646"},"modified":"2025-08-19T19:30:57","modified_gmt":"2025-08-19T22:30:57","slug":"nova-pressao-de-entidades-a-parlamentares-contra-reforma","status":"publish","type":"post","link":"https:\/\/sinasefesm.com\/index.php\/2025\/08\/19\/nova-pressao-de-entidades-a-parlamentares-contra-reforma\/","title":{"rendered":"Nova press\u00e3o de entidades a parlamentares contra reforma"},"content":{"rendered":"\n<p>As entidades que integram o Fonasefe realizaram uma mobiliza\u00e7\u00e3o na manh\u00e3 desta ter\u00e7a-feira (19\/08) no Aeroporto de Bras\u00edlia-DF. Integrando a for\u00e7a-tarefa de servidores(as), o Sinasefe denunciou que a Reforma Administrativa n\u00e3o vai cortar privil\u00e9gios, mas sim atacar os servi\u00e7os p\u00fablicos essenciais em \u00e1reas como sa\u00fade, educa\u00e7\u00e3o e previd\u00eancia social.<\/p>\n\n\n\n<p>O Sinasefe denunciou ainda que o Congresso Nacional n\u00e3o tem condi\u00e7\u00e3o moral para discutir uma Reforma Administrativa. Na vis\u00e3o da entidade, inimigo do povo, o Congresso hoje se divide em duas alas: a ala bolsonarista \u2013 que est\u00e1 rifando o Brasil e servindo aos interesses americanos \u2013 e a ala fisiologista \u2013 que vive de emendas do or\u00e7amento secreto.<\/p>\n\n\n\n<p>O coordenador geral do Sinasefe, Manoel Porto Jr., destacou, durante a manifesta\u00e7\u00e3o, que a verdadeira inten\u00e7\u00e3o da Reforma Administrativa \u00e9 acabar com o servidor p\u00fablico concursado para que os pol\u00edticos possam empregar seus amigos e cabos eleitorais e fazer politicagem.<\/p>\n\n\n\n<p>Manoel ressaltou que a Reforma n\u00e3o vai cortar privil\u00e9gios, mas sim atacar os servi\u00e7os p\u00fablicos essenciais em \u00e1reas como sa\u00fade, educa\u00e7\u00e3o e previd\u00eancia social. Ele refor\u00e7ou ainda o aviso da for\u00e7a-tarefa do Fonasefe: quem votar a favor do desmonte do servi\u00e7o p\u00fablico n\u00e3o ser\u00e1 reeleito!<\/p>\n\n\n\n<p>Os plantonistas Elton John Santiago (2\u00ba tesoureiro) e Manoel Porto Jr. (coordenador geral) representaram o sindicato nacional na manifesta\u00e7\u00e3o.<\/p>\n\n\n\n<p><em>Fonte e imagem: Sinasefe nacional<\/em><\/p>\n\n\n\n<p><\/p>\n","protected":false},"excerpt":{"rendered":"<p>As entidades que integram o Fonasefe realizaram uma mobiliza\u00e7\u00e3o na manh\u00e3 desta ter\u00e7a-feira (19\/08) no Aeroporto de Bras\u00edlia-DF. Integrando a for\u00e7a-tarefa de servidores(as), o Sinasefe denunciou que a Reforma Administrativa n\u00e3o vai cortar privil\u00e9gios, mas sim atacar os servi\u00e7os p\u00fablicos essenciais em \u00e1reas como sa\u00fade, educa\u00e7\u00e3o e previd\u00eancia social. O Sinasefe denunciou ainda que o<\/p>\n","protected":false},"author":7,"featured_media":7647,"comment_status":"open","ping_status":"open","sticky":false,"template":"","format":"standard","meta":{"footnotes":""},"categories":[41],"tags":[],"class_list":{"0":"post-7646","1":"post","2":"type-post","3":"status-publish","4":"format-standard","5":"has-post-thumbnail","7":"category-movimento"},"_links":{"self":[{"href":"https:\/\/sinasefesm.com\/index.php\/wp-json\/wp\/v2\/posts\/7646","targetHints":{"allow":["GET"]}}],"collection":[{"href":"https:\/\/sinasefesm.com\/index.php\/wp-json\/wp\/v2\/posts"}],"about":[{"href":"https:\/\/sinasefesm.com\/index.php\/wp-json\/wp\/v2\/types\/post"}],"author":[{"embeddable":true,"href":"https:\/\/sinasefesm.com\/index.php\/wp-json\/wp\/v2\/users\/7"}],"replies":[{"embeddable":true,"href":"https:\/\/sinasefesm.com\/index.php\/wp-json\/wp\/v2\/comments?post=7646"}],"version-history":[{"count":1,"href":"https:\/\/sinasefesm.com\/index.php\/wp-json\/wp\/v2\/posts\/7646\/revisions"}],"predecessor-version":[{"id":7648,"href":"https:\/\/sinasefesm.com\/index.php\/wp-json\/wp\/v2\/posts\/7646\/revisions\/7648"}],"wp:featuredmedia":[{"embeddable":true,"href":"https:\/\/sinasefesm.com\/index.php\/wp-json\/wp\/v2\/media\/7647"}],"wp:attachment":[{"href":"https:\/\/sinasefesm.com\/index.php\/wp-json\/wp\/v2\/media?parent=7646"}],"wp:term":[{"taxonomy":"category","embeddable":true,"href":"https:\/\/sinasefesm.com\/index.php\/wp-json\/wp\/v2\/categories?post=7646"},{"taxonomy":"post_tag","embeddable":true,"href":"https:\/\/sinasefesm.com\/index.php\/wp-json\/wp\/v2\/tags?post=7646"}],"curies":[{"name":"wp","href":"https:\/\/api.w.org\/{rel}","templated":true}]}}