{"id":7656,"date":"2025-08-29T13:23:59","date_gmt":"2025-08-29T16:23:59","guid":{"rendered":"https:\/\/sinasefesm.com\/?p=7656"},"modified":"2025-08-29T13:23:59","modified_gmt":"2025-08-29T16:23:59","slug":"docentes-de-s-maria-participam-do-17o-encontro-de-servidores-civis-do-ministerio-da-defesa","status":"publish","type":"post","link":"https:\/\/sinasefesm.com\/index.php\/2025\/08\/29\/docentes-de-s-maria-participam-do-17o-encontro-de-servidores-civis-do-ministerio-da-defesa\/","title":{"rendered":"Docentes de S. Maria participam do 17\u00ba Encontro de Servidores Civis do Minist\u00e9rio da Defesa"},"content":{"rendered":"\n<p>Entre 22 e 24 de agosto, o professor Rodrigo Buske e a professora Deise Redin Mack, ambos do Col\u00e9gio Militar de Santa Maria (CMSM) e da base do Sinasefe, participaram em Porto Alegre do 17\u00ba Encontro de Servidores e Servidoras das Institui\u00e7\u00f5es de Ensino Vinculadas ao Minist\u00e9rio da Defesa (ESCIME).<\/p>\n\n\n\n<p>A edi\u00e7\u00e3o do evento foi organizada pela Aprofcmpa-RS (se\u00e7\u00e3o sindical do Sinasefe no Col\u00e9gio Militar de Porto Alegre) em parceria com a Coordena\u00e7\u00e3o de Pol\u00edticas para as Institui\u00e7\u00f5es de Ensino Ligadas ao Minist\u00e9rio da Defesa do Sinasefe. O tema central do debate foi:<em>&nbsp;\u201cQual o papel das Escolas de Educa\u00e7\u00e3o B\u00e1sica, T\u00e9cnica e Tecnol\u00f3gica administradas pelo Minist\u00e9rio da Defesa hoje?\u201d<\/em><em>.<\/em><\/p>\n\n\n\n<p>Dentre os objetivos do encontro estavam a organiza\u00e7\u00e3o de trabalhadoras e s trabalhadores para a constru\u00e7\u00e3o coletiva de pol\u00edticas de enfrentamento \u00e0s dificuldades existentes em seus locais de trabalho e na administra\u00e7\u00e3o de suas carreiras. Buscou tamb\u00e9m discutir qual \u00e9 o papel de Escolas de Educa\u00e7\u00e3o B\u00e1sica, T\u00e9cnica e Tecnol\u00f3gica administradas pelo Minist\u00e9rio da Defesa, bem como fortalecer a luta dessas(es) trabalhadoras(es) na complexa conjuntura atual de avan\u00e7o da extrema-direita.<\/p>\n\n\n\n<p><br><em>Texto: Fritz Rivail com informa\u00e7\u00f5es do Sinasefe Nacional<br>Fotos: Arquivo pessoal<\/em><\/p>\n\n\n\n<p><\/p>\n","protected":false},"excerpt":{"rendered":"<p>Entre 22 e 24 de agosto, o professor Rodrigo Buske e a professora Deise Redin Mack, ambos do Col\u00e9gio Militar de Santa Maria (CMSM) e da base do Sinasefe, participaram em Porto Alegre do 17\u00ba Encontro de Servidores e Servidoras das Institui\u00e7\u00f5es de Ensino Vinculadas ao Minist\u00e9rio da Defesa (ESCIME). A edi\u00e7\u00e3o do evento foi<\/p>\n","protected":false},"author":7,"featured_media":7657,"comment_status":"open","ping_status":"open","sticky":false,"template":"","format":"standard","meta":{"footnotes":""},"categories":[42],"tags":[],"class_list":{"0":"post-7656","1":"post","2":"type-post","3":"status-publish","4":"format-standard","5":"has-post-thumbnail","7":"category-noticia"},"_links":{"self":[{"href":"https:\/\/sinasefesm.com\/index.php\/wp-json\/wp\/v2\/posts\/7656","targetHints":{"allow":["GET"]}}],"collection":[{"href":"https:\/\/sinasefesm.com\/index.php\/wp-json\/wp\/v2\/posts"}],"about":[{"href":"https:\/\/sinasefesm.com\/index.php\/wp-json\/wp\/v2\/types\/post"}],"author":[{"embeddable":true,"href":"https:\/\/sinasefesm.com\/index.php\/wp-json\/wp\/v2\/users\/7"}],"replies":[{"embeddable":true,"href":"https:\/\/sinasefesm.com\/index.php\/wp-json\/wp\/v2\/comments?post=7656"}],"version-history":[{"count":1,"href":"https:\/\/sinasefesm.com\/index.php\/wp-json\/wp\/v2\/posts\/7656\/revisions"}],"predecessor-version":[{"id":7658,"href":"https:\/\/sinasefesm.com\/index.php\/wp-json\/wp\/v2\/posts\/7656\/revisions\/7658"}],"wp:featuredmedia":[{"embeddable":true,"href":"https:\/\/sinasefesm.com\/index.php\/wp-json\/wp\/v2\/media\/7657"}],"wp:attachment":[{"href":"https:\/\/sinasefesm.com\/index.php\/wp-json\/wp\/v2\/media?parent=7656"}],"wp:term":[{"taxonomy":"category","embeddable":true,"href":"https:\/\/sinasefesm.com\/index.php\/wp-json\/wp\/v2\/categories?post=7656"},{"taxonomy":"post_tag","embeddable":true,"href":"https:\/\/sinasefesm.com\/index.php\/wp-json\/wp\/v2\/tags?post=7656"}],"curies":[{"name":"wp","href":"https:\/\/api.w.org\/{rel}","templated":true}]}}