{"id":7659,"date":"2025-08-29T19:50:11","date_gmt":"2025-08-29T22:50:11","guid":{"rendered":"https:\/\/sinasefesm.com\/?p=7659"},"modified":"2025-08-29T19:50:11","modified_gmt":"2025-08-29T22:50:11","slug":"assembleia-vai-deliberar-sobre-regimento-do-processo-eleitoral","status":"publish","type":"post","link":"https:\/\/sinasefesm.com\/index.php\/2025\/08\/29\/assembleia-vai-deliberar-sobre-regimento-do-processo-eleitoral\/","title":{"rendered":"Assembleia vai deliberar sobre regimento do processo eleitoral"},"content":{"rendered":"\n<p>A dire\u00e7\u00e3o do Sinasefe Santa Maria est\u00e1 convocando filiados e filiadas para uma assembleia geral extraordin\u00e1ria que ir\u00e1 discutir o regimento do processo de elei\u00e7\u00f5es do sindicato. A plen\u00e1ria ocorrer\u00e1 na pr\u00f3xima ter\u00e7a, 2 de setembro, em primeira chamada \u00e0s 14h15, e em segunda chamada \u00e0s 14h30.<\/p>\n\n\n\n<p>O local da reuni\u00e3o \u00e9 a sede do Sinasefe SM, localizado na avenida Rio Branco, 601, sala 02, centro de Santa Maria.<\/p>\n\n\n\n<p><strong>Resumo<\/strong><\/p>\n\n\n\n<p><strong>O qu\u00ea?<\/strong> Assembleia Geral Extraordin\u00e1ria<\/p>\n\n\n\n<p><strong>Quando?<\/strong> Ter\u00e7a, 2 de setembro<\/p>\n\n\n\n<p><strong>Hora?<\/strong> 14h15 (1\u00aa chamada) e 14h30 (2\u00aa chamada)<\/p>\n\n\n\n<p><strong>Local?<\/strong> Sede do Sinasefe SM (Avenida Rio Branco, 601, sala 02), Centro de Santa Maria.<\/p>\n\n\n\n<p><em>Texto: Fritz Rivail<br>Sinasefe Santa Maria<\/em><\/p>\n\n\n\n<p><\/p>\n","protected":false},"excerpt":{"rendered":"<p>A dire\u00e7\u00e3o do Sinasefe Santa Maria est\u00e1 convocando filiados e filiadas para uma assembleia geral extraordin\u00e1ria que ir\u00e1 discutir o regimento do processo de elei\u00e7\u00f5es do sindicato. A plen\u00e1ria ocorrer\u00e1 na pr\u00f3xima ter\u00e7a, 2 de setembro, em primeira chamada \u00e0s 14h15, e em segunda chamada \u00e0s 14h30. O local da reuni\u00e3o \u00e9 a sede do<\/p>\n","protected":false},"author":7,"featured_media":7660,"comment_status":"open","ping_status":"open","sticky":false,"template":"","format":"standard","meta":{"footnotes":""},"categories":[45],"tags":[],"class_list":{"0":"post-7659","1":"post","2":"type-post","3":"status-publish","4":"format-standard","5":"has-post-thumbnail","7":"category-sindicato"},"_links":{"self":[{"href":"https:\/\/sinasefesm.com\/index.php\/wp-json\/wp\/v2\/posts\/7659","targetHints":{"allow":["GET"]}}],"collection":[{"href":"https:\/\/sinasefesm.com\/index.php\/wp-json\/wp\/v2\/posts"}],"about":[{"href":"https:\/\/sinasefesm.com\/index.php\/wp-json\/wp\/v2\/types\/post"}],"author":[{"embeddable":true,"href":"https:\/\/sinasefesm.com\/index.php\/wp-json\/wp\/v2\/users\/7"}],"replies":[{"embeddable":true,"href":"https:\/\/sinasefesm.com\/index.php\/wp-json\/wp\/v2\/comments?post=7659"}],"version-history":[{"count":1,"href":"https:\/\/sinasefesm.com\/index.php\/wp-json\/wp\/v2\/posts\/7659\/revisions"}],"predecessor-version":[{"id":7661,"href":"https:\/\/sinasefesm.com\/index.php\/wp-json\/wp\/v2\/posts\/7659\/revisions\/7661"}],"wp:featuredmedia":[{"embeddable":true,"href":"https:\/\/sinasefesm.com\/index.php\/wp-json\/wp\/v2\/media\/7660"}],"wp:attachment":[{"href":"https:\/\/sinasefesm.com\/index.php\/wp-json\/wp\/v2\/media?parent=7659"}],"wp:term":[{"taxonomy":"category","embeddable":true,"href":"https:\/\/sinasefesm.com\/index.php\/wp-json\/wp\/v2\/categories?post=7659"},{"taxonomy":"post_tag","embeddable":true,"href":"https:\/\/sinasefesm.com\/index.php\/wp-json\/wp\/v2\/tags?post=7659"}],"curies":[{"name":"wp","href":"https:\/\/api.w.org\/{rel}","templated":true}]}}