{"id":7662,"date":"2025-08-31T12:45:32","date_gmt":"2025-08-31T15:45:32","guid":{"rendered":"https:\/\/sinasefesm.com\/?p=7662"},"modified":"2025-08-31T12:45:33","modified_gmt":"2025-08-31T15:45:33","slug":"diretora-do-sinasefe-sm-participa-de-debate-sobre-formacao-docente","status":"publish","type":"post","link":"https:\/\/sinasefesm.com\/index.php\/2025\/08\/31\/diretora-do-sinasefe-sm-participa-de-debate-sobre-formacao-docente\/","title":{"rendered":"Diretora do Sinasefe SM participa de debate sobre forma\u00e7\u00e3o docente"},"content":{"rendered":"\n<p>A professora do Col\u00e9gio T\u00e9cnico Industrial (CTISM), Mariglei Severo Maraschin, que tamb\u00e9m \u00e9 diretora do Sinasefe SM e integrante do GT de Pol\u00edticas Educacionais do sindicato, vai participar na pr\u00f3xima ter\u00e7a, 2 de setembro, de um debate sobre \u201cforma\u00e7\u00e3o docente\u201d a convite da Se\u00e7\u00e3o Sindical dos Docentes da UFSM (Sedufsm).<\/p>\n\n\n\n<p>O evento, que inicia \u00e0s 17h, no Audit\u00f3rio S\u00e9rgio Pires (anexo ao pr\u00e9dio 17 do CCNE), no campus sede, ter\u00e1 ainda a participa\u00e7\u00e3o do diretor do ANDES-SN, que comp\u00f5e o GTPE (Grupo de Trabalho de Pol\u00edtica Educacional) nacional, professor Herrmann M\u00fcller, e o professor do departamento de Metodologia do Ensino da UFSM, Guilherme Corr\u00eaa.<\/p>\n\n\n\n<p>O tema do evento, que \u00e9 organizado pelo Grupo de Trabalho de Pol\u00edticas Educacionais (GTPE) da Sedufsm, \u00e9 a \u201cForma\u00e7\u00e3o Docente e as mudan\u00e7as previstas na Resolu\u00e7\u00e3o do Conselho Nacional de Educa\u00e7\u00e3o n\u00ba 04\/2024\u201d.<\/p>\n\n\n\n<p>A dire\u00e7\u00e3o do Sinasefe SM convida a categoria para essa importante atividade.<\/p>\n\n\n\n<p><\/p>\n","protected":false},"excerpt":{"rendered":"<p>A professora do Col\u00e9gio T\u00e9cnico Industrial (CTISM), Mariglei Severo Maraschin, que tamb\u00e9m \u00e9 diretora do Sinasefe SM e integrante do GT de Pol\u00edticas Educacionais do sindicato, vai participar na pr\u00f3xima ter\u00e7a, 2 de setembro, de um debate sobre \u201cforma\u00e7\u00e3o docente\u201d a convite da Se\u00e7\u00e3o Sindical dos Docentes da UFSM (Sedufsm). O evento, que inicia \u00e0s<\/p>\n","protected":false},"author":7,"featured_media":7663,"comment_status":"open","ping_status":"open","sticky":false,"template":"","format":"standard","meta":{"footnotes":""},"categories":[39],"tags":[],"class_list":{"0":"post-7662","1":"post","2":"type-post","3":"status-publish","4":"format-standard","5":"has-post-thumbnail","7":"category-eventos"},"_links":{"self":[{"href":"https:\/\/sinasefesm.com\/index.php\/wp-json\/wp\/v2\/posts\/7662","targetHints":{"allow":["GET"]}}],"collection":[{"href":"https:\/\/sinasefesm.com\/index.php\/wp-json\/wp\/v2\/posts"}],"about":[{"href":"https:\/\/sinasefesm.com\/index.php\/wp-json\/wp\/v2\/types\/post"}],"author":[{"embeddable":true,"href":"https:\/\/sinasefesm.com\/index.php\/wp-json\/wp\/v2\/users\/7"}],"replies":[{"embeddable":true,"href":"https:\/\/sinasefesm.com\/index.php\/wp-json\/wp\/v2\/comments?post=7662"}],"version-history":[{"count":1,"href":"https:\/\/sinasefesm.com\/index.php\/wp-json\/wp\/v2\/posts\/7662\/revisions"}],"predecessor-version":[{"id":7664,"href":"https:\/\/sinasefesm.com\/index.php\/wp-json\/wp\/v2\/posts\/7662\/revisions\/7664"}],"wp:featuredmedia":[{"embeddable":true,"href":"https:\/\/sinasefesm.com\/index.php\/wp-json\/wp\/v2\/media\/7663"}],"wp:attachment":[{"href":"https:\/\/sinasefesm.com\/index.php\/wp-json\/wp\/v2\/media?parent=7662"}],"wp:term":[{"taxonomy":"category","embeddable":true,"href":"https:\/\/sinasefesm.com\/index.php\/wp-json\/wp\/v2\/categories?post=7662"},{"taxonomy":"post_tag","embeddable":true,"href":"https:\/\/sinasefesm.com\/index.php\/wp-json\/wp\/v2\/tags?post=7662"}],"curies":[{"name":"wp","href":"https:\/\/api.w.org\/{rel}","templated":true}]}}