{"id":7665,"date":"2025-09-03T19:48:35","date_gmt":"2025-09-03T22:48:35","guid":{"rendered":"https:\/\/sinasefesm.com\/?p=7665"},"modified":"2025-09-03T20:12:25","modified_gmt":"2025-09-03T23:12:25","slug":"assembleia-aprova-regimento-e-calendario-das-eleicoes-para-o-sinasefe-sm","status":"publish","type":"post","link":"https:\/\/sinasefesm.com\/index.php\/2025\/09\/03\/assembleia-aprova-regimento-e-calendario-das-eleicoes-para-o-sinasefe-sm\/","title":{"rendered":"Assembleia aprova regimento e calend\u00e1rio das elei\u00e7\u00f5es para o Sinasefe SM"},"content":{"rendered":"\n<p><strong><br><\/strong>Durante a assembleia realizada pelo Sinasefe Santa Maria na tarde de ter\u00e7a, 2 de setembro, foi aprovado o regimento das elei\u00e7\u00f5es para escolha da nova diretoria da entidade relativo ao bi\u00eanio 2025-2027. Junto com o regimento tamb\u00e9m foi aprovado o calend\u00e1rio do processo eleitoral, que pode ser conferido mais abaixo. Confira mais abaixo tanto o regimento eleitoral como tamb\u00e9m o calend\u00e1rio eleitoral.<\/p>\n\n\n\n<p><strong>Inscri\u00e7\u00e3o<\/strong>&#8211; Interessados\/as em inscrever chapa para a diretoria podem faz\u00ea-lo na pr\u00f3xima sexta, 5 de setembro, na sede do Sinasefe SM (Avenida Rio Branco, n\u00ba 601, sala 2, centro de Santa Maria), no hor\u00e1rio das 14h \u00e0s 17h.<\/p>\n\n\n\n<p><strong>Vota\u00e7\u00e3o<\/strong>&#8211; O processo de vota\u00e7\u00e3o para elei\u00e7\u00e3o da nova diretoria acontece na forma presencial, em c\u00e9dula impressa, tamb\u00e9m na sede, na sexta, 12 de setembro, das 9h \u00e0s 16h.<\/p>\n\n\n\n<p>A apura\u00e7\u00e3o dos votos ocorrer\u00e1 na sede do sindicato, ap\u00f3s as 17h do dia 12 de setembro e a divulga\u00e7\u00e3o dos resultados acontece at\u00e9 as 18h deste mesmo dia. Haver\u00e1 um per\u00edodo destinado a poss\u00edveis pedidos de impugna\u00e7\u00e3o, na segunda, 15 de setembro, no hor\u00e1rio das 14h \u00e0s 16, na sede do Sinasefe SM. A posse est\u00e1 prevista para ter\u00e7a-feira, 16 de setembro, \u00e0s 16h, tamb\u00e9m na sede do sindicato.<\/p>\n\n\n\n<p>A comiss\u00e3o que coordena o processo eleitoral \u00e9 composta por tr\u00eas docentes: Adriana Roso Lorenzoni, Marco Aur\u00e9lio Garcia Bandeira e M\u00f4nica Brucker Kelling.<\/p>\n\n\n\n<p><\/p>\n\n\n<a href=\"https:\/\/sinasefesm.com\/wp-content\/uploads\/2025\/09\/REGIMENTO_ELEITORAL-2025.pdf\" class=\"pdfemb-viewer\" style=\"\" data-width=\"max\" data-height=\"max\" data-toolbar=\"bottom\" data-toolbar-fixed=\"off\">REGIMENTO_ELEITORAL-2025<\/a>\n\n\n<figure class=\"wp-block-image size-full\"><img fetchpriority=\"high\" decoding=\"async\" width=\"599\" height=\"513\" src=\"https:\/\/sinasefesm.com\/wp-content\/uploads\/2025\/09\/print-calendario-eleitoral-1.jpg\" alt=\"\" class=\"wp-image-7668\" srcset=\"https:\/\/sinasefesm.com\/wp-content\/uploads\/2025\/09\/print-calendario-eleitoral-1.jpg 599w, https:\/\/sinasefesm.com\/wp-content\/uploads\/2025\/09\/print-calendario-eleitoral-1-300x257.jpg 300w, https:\/\/sinasefesm.com\/wp-content\/uploads\/2025\/09\/print-calendario-eleitoral-1-150x128.jpg 150w, https:\/\/sinasefesm.com\/wp-content\/uploads\/2025\/09\/print-calendario-eleitoral-1-450x385.jpg 450w\" sizes=\"(max-width: 599px) 100vw, 599px\" \/><\/figure>\n\n\n\n<p><em>Texto: Fritz Rivail<br>Foto: Arquivo pessoal<\/em><\/p>\n\n\n\n<p><\/p>\n","protected":false},"excerpt":{"rendered":"<p>Durante a assembleia realizada pelo Sinasefe Santa Maria na tarde de ter\u00e7a, 2 de setembro, foi aprovado o regimento das elei\u00e7\u00f5es para escolha da nova diretoria da entidade relativo ao bi\u00eanio 2025-2027. Junto com o regimento tamb\u00e9m foi aprovado o calend\u00e1rio do processo eleitoral, que pode ser conferido mais abaixo. Confira mais abaixo tanto o<\/p>\n","protected":false},"author":7,"featured_media":7666,"comment_status":"open","ping_status":"open","sticky":false,"template":"","format":"standard","meta":{"footnotes":""},"categories":[42],"tags":[],"class_list":{"0":"post-7665","1":"post","2":"type-post","3":"status-publish","4":"format-standard","5":"has-post-thumbnail","7":"category-noticia"},"_links":{"self":[{"href":"https:\/\/sinasefesm.com\/index.php\/wp-json\/wp\/v2\/posts\/7665","targetHints":{"allow":["GET"]}}],"collection":[{"href":"https:\/\/sinasefesm.com\/index.php\/wp-json\/wp\/v2\/posts"}],"about":[{"href":"https:\/\/sinasefesm.com\/index.php\/wp-json\/wp\/v2\/types\/post"}],"author":[{"embeddable":true,"href":"https:\/\/sinasefesm.com\/index.php\/wp-json\/wp\/v2\/users\/7"}],"replies":[{"embeddable":true,"href":"https:\/\/sinasefesm.com\/index.php\/wp-json\/wp\/v2\/comments?post=7665"}],"version-history":[{"count":5,"href":"https:\/\/sinasefesm.com\/index.php\/wp-json\/wp\/v2\/posts\/7665\/revisions"}],"predecessor-version":[{"id":7681,"href":"https:\/\/sinasefesm.com\/index.php\/wp-json\/wp\/v2\/posts\/7665\/revisions\/7681"}],"wp:featuredmedia":[{"embeddable":true,"href":"https:\/\/sinasefesm.com\/index.php\/wp-json\/wp\/v2\/media\/7666"}],"wp:attachment":[{"href":"https:\/\/sinasefesm.com\/index.php\/wp-json\/wp\/v2\/media?parent=7665"}],"wp:term":[{"taxonomy":"category","embeddable":true,"href":"https:\/\/sinasefesm.com\/index.php\/wp-json\/wp\/v2\/categories?post=7665"},{"taxonomy":"post_tag","embeddable":true,"href":"https:\/\/sinasefesm.com\/index.php\/wp-json\/wp\/v2\/tags?post=7665"}],"curies":[{"name":"wp","href":"https:\/\/api.w.org\/{rel}","templated":true}]}}