{"id":7688,"date":"2025-09-07T18:18:53","date_gmt":"2025-09-07T21:18:53","guid":{"rendered":"https:\/\/sinasefesm.com\/?p=7688"},"modified":"2025-09-07T18:18:53","modified_gmt":"2025-09-07T21:18:53","slug":"sinasefe-participa-de-mobilizacao-de-9-a-11-de-setembro-contra-a-reforma-administrativa","status":"publish","type":"post","link":"https:\/\/sinasefesm.com\/index.php\/2025\/09\/07\/sinasefe-participa-de-mobilizacao-de-9-a-11-de-setembro-contra-a-reforma-administrativa\/","title":{"rendered":"Sinasefe participa de mobiliza\u00e7\u00e3o de 9 a 11 de setembro contra a Reforma Administrativa"},"content":{"rendered":"\n<p>Entre os dias 9 e 11 de setembro, em conjunto com entidades do Fonasefe, o Sinasefe vai intensificar suas atividades de mobiliza\u00e7\u00e3o em Bras\u00edlia-DF. Al\u00e9m disso, nos dias 10 e 11, o sindicato nacional promove uma paralisa\u00e7\u00e3o exigindo o cumprimento dos acordos de greve e denunciando a Reforma Administrativa.<\/p>\n\n\n\n<p>Confira as atividades previstas em Bras\u00edlia:<\/p>\n\n\n\n<h3 class=\"wp-block-heading\" id=\"h-9-de-setembro-terca-feira\">9 de setembro \u2013 ter\u00e7a-feira<\/h3>\n\n\n\n<ul class=\"wp-block-list\">\n<li>9h \u2013 Manifesta\u00e7\u00e3o no Aeroporto de Bras\u00edlia;<\/li>\n<\/ul>\n\n\n\n<h3 class=\"wp-block-heading\" id=\"h-10-de-setembro-quarta-feira\">10 de setembro \u2013 quarta-feira<\/h3>\n\n\n\n<ul class=\"wp-block-list\">\n<li>9h \u2013 Manifesta\u00e7\u00e3o no Congresso Nacional<\/li>\n\n\n\n<li>14h \u2013 Manifesta\u00e7\u00e3o no Congresso Nacional<\/li>\n<\/ul>\n\n\n\n<h3 class=\"wp-block-heading\" id=\"h-11-de-setembro-quinta-feira\">11 de setembro \u2013 quinta-feira<\/h3>\n\n\n\n<ul class=\"wp-block-list\">\n<li>9h \u2013 Manifesta\u00e7\u00e3o na C\u00e2mara dos Deputados (Anexo II)<\/li>\n\n\n\n<li>10h \u2013 Audi\u00eancia P\u00fablica \u2013 Avalia\u00e7\u00e3o sobre o cumprimento do Termo de Acordo de Greve n\u00ba 10\/2024 (Plen\u00e1rio 8 do Anexo II da C\u00e2mara dos Deputados)<\/li>\n\n\n\n<li>13h \u2013 Ato P\u00fablico no Minist\u00e9rio da Gest\u00e3o e da Inova\u00e7\u00e3o em Servi\u00e7os P\u00fablicos (MGI).<\/li>\n<\/ul>\n\n\n\n<p><em>Fonte e imagem: Sinasefe Nacional<\/em>.<\/p>\n\n\n\n<p><\/p>\n","protected":false},"excerpt":{"rendered":"<p>Entre os dias 9 e 11 de setembro, em conjunto com entidades do Fonasefe, o Sinasefe vai intensificar suas atividades de mobiliza\u00e7\u00e3o em Bras\u00edlia-DF. Al\u00e9m disso, nos dias 10 e 11, o sindicato nacional promove uma paralisa\u00e7\u00e3o exigindo o cumprimento dos acordos de greve e denunciando a Reforma Administrativa. Confira as atividades previstas em Bras\u00edlia:<\/p>\n","protected":false},"author":7,"featured_media":7689,"comment_status":"open","ping_status":"open","sticky":false,"template":"","format":"standard","meta":{"footnotes":""},"categories":[44],"tags":[],"class_list":{"0":"post-7688","1":"post","2":"type-post","3":"status-publish","4":"format-standard","5":"has-post-thumbnail","7":"category-reforma-administrativa"},"_links":{"self":[{"href":"https:\/\/sinasefesm.com\/index.php\/wp-json\/wp\/v2\/posts\/7688","targetHints":{"allow":["GET"]}}],"collection":[{"href":"https:\/\/sinasefesm.com\/index.php\/wp-json\/wp\/v2\/posts"}],"about":[{"href":"https:\/\/sinasefesm.com\/index.php\/wp-json\/wp\/v2\/types\/post"}],"author":[{"embeddable":true,"href":"https:\/\/sinasefesm.com\/index.php\/wp-json\/wp\/v2\/users\/7"}],"replies":[{"embeddable":true,"href":"https:\/\/sinasefesm.com\/index.php\/wp-json\/wp\/v2\/comments?post=7688"}],"version-history":[{"count":1,"href":"https:\/\/sinasefesm.com\/index.php\/wp-json\/wp\/v2\/posts\/7688\/revisions"}],"predecessor-version":[{"id":7690,"href":"https:\/\/sinasefesm.com\/index.php\/wp-json\/wp\/v2\/posts\/7688\/revisions\/7690"}],"wp:featuredmedia":[{"embeddable":true,"href":"https:\/\/sinasefesm.com\/index.php\/wp-json\/wp\/v2\/media\/7689"}],"wp:attachment":[{"href":"https:\/\/sinasefesm.com\/index.php\/wp-json\/wp\/v2\/media?parent=7688"}],"wp:term":[{"taxonomy":"category","embeddable":true,"href":"https:\/\/sinasefesm.com\/index.php\/wp-json\/wp\/v2\/categories?post=7688"},{"taxonomy":"post_tag","embeddable":true,"href":"https:\/\/sinasefesm.com\/index.php\/wp-json\/wp\/v2\/tags?post=7688"}],"curies":[{"name":"wp","href":"https:\/\/api.w.org\/{rel}","templated":true}]}}