{"id":7691,"date":"2025-09-08T14:23:31","date_gmt":"2025-09-08T17:23:31","guid":{"rendered":"https:\/\/sinasefesm.com\/?p=7691"},"modified":"2025-09-08T14:24:27","modified_gmt":"2025-09-08T17:24:27","slug":"eleicao-a-diretoria-do-sinasefe-sm-acontece-na-sexta-12-de-setembro-com-chapa-unica-inscrita","status":"publish","type":"post","link":"https:\/\/sinasefesm.com\/index.php\/2025\/09\/08\/eleicao-a-diretoria-do-sinasefe-sm-acontece-na-sexta-12-de-setembro-com-chapa-unica-inscrita\/","title":{"rendered":"Elei\u00e7\u00e3o \u00e0 diretoria do Sinasefe SM acontece na sexta, 12 de setembro, com chapa \u00fanica inscrita"},"content":{"rendered":"\n<p>Filiadas e filiados ao Sinasefe de Santa Maria est\u00e3o sendo convocadas\/os para referendar a chapa inscrita \u00e0 diretoria da se\u00e7\u00e3o sindical. A <em>inscri\u00e7\u00e3o<\/em>, conforme previsto no regimento eleitoral, aconteceu na tarde da \u00faltima sexta, 5 de setembro, na sede do Sinasefe SM. <\/p>\n\n\n\n<p>J\u00e1 a <em>elei\u00e7\u00e3o<\/em> acontece na pr\u00f3xima sexta, 12 de setembro, das 9h \u00e0s 16h tamb\u00e9m na sede (Avenida Rio Branco, n\u00ba 601, sala 2, centro de Santa Maria). Al\u00e9m de eleger a diretoria para o bi\u00eanio 2025-2027, a vota\u00e7\u00e3o tamb\u00e9m referendar\u00e1 os membros do conselho fiscal.<\/p>\n\n\n\n<p>Confira os nomes da chapa inscrita (01):<\/p>\n\n\n\n<p>Coordenador(a) geral: Ad\u00e3o Ant\u00f4nio Pillar Damasceno<\/p>\n\n\n\n<p>Coordenador(a) geral: Cl\u00e1udia Let\u00edcia de Castro do Amaral<\/p>\n\n\n\n<p>Coordenador(a) geral: Jane Aparecida Flor\u00eancio<\/p>\n\n\n\n<p>Secret\u00e1rio(a) de Carreira e Rela\u00e7\u00e3o de Trabalho: Mariglei Severo Maraschin<\/p>\n\n\n\n<p>Secret\u00e1rio(a) de Carreira e Rela\u00e7\u00e3o de Trabalho: Cassiana Marques da Silva<\/p>\n\n\n\n<p>Secret\u00e1rio(a) geral: Deise Redin Mack<\/p>\n\n\n\n<p>Tesoureiro(a) geral: Eduardo Alves Oliveira<\/p>\n\n\n\n<p>Primeiro(a) Tesoureiro(a): Cl\u00e1udio Renato Schlessner Kelling<\/p>\n\n\n\n<p>Secret\u00e1rio(a) de Administra\u00e7\u00e3o: Lidiane Barroso<\/p>\n\n\n\n<p>Secret\u00e1rio(a) de Aposentados(as): Milton M\u00e1ximo Ferrari<\/p>\n\n\n\n<p>Secret\u00e1rio (a) de Comunica\u00e7\u00e3o e Forma\u00e7\u00e3o Pol\u00edtica e Sindical: Miriane Costa Fonseca<\/p>\n\n\n\n<p>Secret\u00e1rio (a) de Assuntos Legislativos e Jur\u00eddicos: Jos\u00e9 Ab\u00edlio Lima de Freitas<\/p>\n\n\n\n<p>Secret\u00e1rio (a) de Pessoal: Rodrigo Buske.&nbsp;&nbsp;&nbsp;&nbsp;&nbsp;&nbsp;&nbsp;&nbsp;&nbsp;&nbsp;&nbsp;&nbsp;&nbsp;&nbsp;&nbsp;&nbsp;<\/p>\n\n\n\n<p><em>Para integrar o Conselho Fiscal, inscreveram-se<\/em>:<\/p>\n\n\n\n<p>Adriana Silveira Bonum\u00e1 Bortolini; Alejandro Lescano Schwarzkopf; Claudio Rodrigues do Nascimento; Roselene Pommer.<\/p>\n\n\n\n<p><em>Texto: Fritz Rivail<br>Arte: F.C.N<\/em><\/p>\n","protected":false},"excerpt":{"rendered":"<p>Filiadas e filiados ao Sinasefe de Santa Maria est\u00e3o sendo convocadas\/os para referendar a chapa inscrita \u00e0 diretoria da se\u00e7\u00e3o sindical. A inscri\u00e7\u00e3o, conforme previsto no regimento eleitoral, aconteceu na tarde da \u00faltima sexta, 5 de setembro, na sede do Sinasefe SM. J\u00e1 a elei\u00e7\u00e3o acontece na pr\u00f3xima sexta, 12 de setembro, das 9h \u00e0s<\/p>\n","protected":false},"author":7,"featured_media":7692,"comment_status":"open","ping_status":"open","sticky":false,"template":"","format":"standard","meta":{"footnotes":""},"categories":[1],"tags":[],"class_list":{"0":"post-7691","1":"post","2":"type-post","3":"status-publish","4":"format-standard","5":"has-post-thumbnail","7":"category-blog"},"_links":{"self":[{"href":"https:\/\/sinasefesm.com\/index.php\/wp-json\/wp\/v2\/posts\/7691","targetHints":{"allow":["GET"]}}],"collection":[{"href":"https:\/\/sinasefesm.com\/index.php\/wp-json\/wp\/v2\/posts"}],"about":[{"href":"https:\/\/sinasefesm.com\/index.php\/wp-json\/wp\/v2\/types\/post"}],"author":[{"embeddable":true,"href":"https:\/\/sinasefesm.com\/index.php\/wp-json\/wp\/v2\/users\/7"}],"replies":[{"embeddable":true,"href":"https:\/\/sinasefesm.com\/index.php\/wp-json\/wp\/v2\/comments?post=7691"}],"version-history":[{"count":2,"href":"https:\/\/sinasefesm.com\/index.php\/wp-json\/wp\/v2\/posts\/7691\/revisions"}],"predecessor-version":[{"id":7694,"href":"https:\/\/sinasefesm.com\/index.php\/wp-json\/wp\/v2\/posts\/7691\/revisions\/7694"}],"wp:featuredmedia":[{"embeddable":true,"href":"https:\/\/sinasefesm.com\/index.php\/wp-json\/wp\/v2\/media\/7692"}],"wp:attachment":[{"href":"https:\/\/sinasefesm.com\/index.php\/wp-json\/wp\/v2\/media?parent=7691"}],"wp:term":[{"taxonomy":"category","embeddable":true,"href":"https:\/\/sinasefesm.com\/index.php\/wp-json\/wp\/v2\/categories?post=7691"},{"taxonomy":"post_tag","embeddable":true,"href":"https:\/\/sinasefesm.com\/index.php\/wp-json\/wp\/v2\/tags?post=7691"}],"curies":[{"name":"wp","href":"https:\/\/api.w.org\/{rel}","templated":true}]}}