{"id":7695,"date":"2025-09-10T18:20:18","date_gmt":"2025-09-10T21:20:18","guid":{"rendered":"https:\/\/sinasefesm.com\/?p=7695"},"modified":"2025-09-10T18:22:00","modified_gmt":"2025-09-10T21:22:00","slug":"sinasefe-sm-conheca-integrantes-da-chapa-unica-que-concorre-a-direcao-sindical-nasexta-12","status":"publish","type":"post","link":"https:\/\/sinasefesm.com\/index.php\/2025\/09\/10\/sinasefe-sm-conheca-integrantes-da-chapa-unica-que-concorre-a-direcao-sindical-nasexta-12\/","title":{"rendered":"Sinasefe SM: conhe\u00e7a integrantes da chapa \u00fanica que concorre \u00e0 dire\u00e7\u00e3o sindical na sexta, 12"},"content":{"rendered":"\n<p>Na pr\u00f3xima sexta, 12 de setembro, das 9h \u00e0s 16h, ocorre a elei\u00e7\u00e3o para a escolha da nova diretoria do Sinasefe SM ao bi\u00eanio 2025-2027. A vota\u00e7\u00e3o acontece na sede (Avenida Rio Branco, n\u00ba 601, sala 2, centro de Santa Maria) e tamb\u00e9m servir\u00e1 para escolher os novos integrantes do Conselho Fiscal da entidade. Acesse <a href=\"https:\/\/sinasefesm.com\/index.php\/2025\/09\/03\/assembleia-aprova-regimento-e-calendario-das-eleicoes-para-o-sinasefe-sm\/\">aqui<\/a> a nota que publiciza regimento do pleito e, abaixo, conhe\u00e7a os integrantes que concorrem em chapa \u00fanica e tamb\u00e9m os nomes para o conselho fiscal.<\/p>\n\n\n\n<p>Coordenador(a) geral: Ad\u00e3o Ant\u00f4nio Pillar Damasceno<\/p>\n\n\n\n<p>Coordenador(a) geral: Cl\u00e1udia Let\u00edcia de Castro do Amaral<\/p>\n\n\n\n<p>Coordenador(a) geral: Jane Aparecida Flor\u00eancio<\/p>\n\n\n\n<p>Secret\u00e1rio(a) de Carreira e Rela\u00e7\u00e3o de Trabalho: Mariglei Severo Maraschin<\/p>\n\n\n\n<p>Secret\u00e1rio(a) de Carreira e Rela\u00e7\u00e3o de Trabalho: Cassiana Marques da Silva<\/p>\n\n\n\n<p>Secret\u00e1rio(a) geral: Deise Redin Mack<\/p>\n\n\n\n<p>Tesoureiro(a) geral: Eduardo Alves Oliveira<\/p>\n\n\n\n<p>Primeiro(a) Tesoureiro(a): Cl\u00e1udio Renato Schlessner Kelling<\/p>\n\n\n\n<p>Secret\u00e1rio(a) de Administra\u00e7\u00e3o: Lidiane Barroso<\/p>\n\n\n\n<p>Secret\u00e1rio(a) de Aposentados(as): Milton M\u00e1ximo Ferrari<\/p>\n\n\n\n<p>Secret\u00e1rio (a) de Comunica\u00e7\u00e3o e Forma\u00e7\u00e3o Pol\u00edtica e Sindical: Miriane Costa Fonseca<\/p>\n\n\n\n<p>Secret\u00e1rio (a) de Assuntos Legislativos e Jur\u00eddicos: Jos\u00e9 Ab\u00edlio Lima de Freitas<\/p>\n\n\n\n<p>Secret\u00e1rio (a) de Pessoal: Rodrigo Buske.&nbsp;&nbsp;&nbsp;&nbsp;&nbsp;&nbsp;&nbsp;&nbsp;&nbsp;&nbsp;&nbsp;&nbsp;&nbsp;&nbsp;&nbsp;&nbsp;<\/p>\n\n\n\n<p><em>Para integrar o Conselho Fiscal, inscreveram-se<\/em>:<\/p>\n\n\n\n<p>Adriana Silveira Bonum\u00e1 Bortolini; Alejandro Lescano Schwarzkopf; Claudio Rodrigues do Nascimento; Roselene Pommer.<\/p>\n\n\n\n<p><em>Foto: Arquivo<br>Edi\u00e7\u00e3o: Fritz Rivail<\/em><\/p>\n\n\n\n<p><\/p>\n","protected":false},"excerpt":{"rendered":"<p>Na pr\u00f3xima sexta, 12 de setembro, das 9h \u00e0s 16h, ocorre a elei\u00e7\u00e3o para a escolha da nova diretoria do Sinasefe SM ao bi\u00eanio 2025-2027. A vota\u00e7\u00e3o acontece na sede (Avenida Rio Branco, n\u00ba 601, sala 2, centro de Santa Maria) e tamb\u00e9m servir\u00e1 para escolher os novos integrantes do Conselho Fiscal da entidade. Acesse<\/p>\n","protected":false},"author":7,"featured_media":7696,"comment_status":"open","ping_status":"open","sticky":false,"template":"","format":"standard","meta":{"footnotes":""},"categories":[45],"tags":[],"class_list":{"0":"post-7695","1":"post","2":"type-post","3":"status-publish","4":"format-standard","5":"has-post-thumbnail","7":"category-sindicato"},"_links":{"self":[{"href":"https:\/\/sinasefesm.com\/index.php\/wp-json\/wp\/v2\/posts\/7695","targetHints":{"allow":["GET"]}}],"collection":[{"href":"https:\/\/sinasefesm.com\/index.php\/wp-json\/wp\/v2\/posts"}],"about":[{"href":"https:\/\/sinasefesm.com\/index.php\/wp-json\/wp\/v2\/types\/post"}],"author":[{"embeddable":true,"href":"https:\/\/sinasefesm.com\/index.php\/wp-json\/wp\/v2\/users\/7"}],"replies":[{"embeddable":true,"href":"https:\/\/sinasefesm.com\/index.php\/wp-json\/wp\/v2\/comments?post=7695"}],"version-history":[{"count":3,"href":"https:\/\/sinasefesm.com\/index.php\/wp-json\/wp\/v2\/posts\/7695\/revisions"}],"predecessor-version":[{"id":7699,"href":"https:\/\/sinasefesm.com\/index.php\/wp-json\/wp\/v2\/posts\/7695\/revisions\/7699"}],"wp:featuredmedia":[{"embeddable":true,"href":"https:\/\/sinasefesm.com\/index.php\/wp-json\/wp\/v2\/media\/7696"}],"wp:attachment":[{"href":"https:\/\/sinasefesm.com\/index.php\/wp-json\/wp\/v2\/media?parent=7695"}],"wp:term":[{"taxonomy":"category","embeddable":true,"href":"https:\/\/sinasefesm.com\/index.php\/wp-json\/wp\/v2\/categories?post=7695"},{"taxonomy":"post_tag","embeddable":true,"href":"https:\/\/sinasefesm.com\/index.php\/wp-json\/wp\/v2\/tags?post=7695"}],"curies":[{"name":"wp","href":"https:\/\/api.w.org\/{rel}","templated":true}]}}