{"id":7700,"date":"2025-09-12T19:10:31","date_gmt":"2025-09-12T22:10:31","guid":{"rendered":"https:\/\/sinasefesm.com\/?p=7700"},"modified":"2025-09-12T19:27:55","modified_gmt":"2025-09-12T22:27:55","slug":"votacao-confirma-eleicao-de-chapa-inscrita-a-direcao-do-sinasefe-sm","status":"publish","type":"post","link":"https:\/\/sinasefesm.com\/index.php\/2025\/09\/12\/votacao-confirma-eleicao-de-chapa-inscrita-a-direcao-do-sinasefe-sm\/","title":{"rendered":"Vota\u00e7\u00e3o confirma elei\u00e7\u00e3o de chapa inscrita \u00e0 dire\u00e7\u00e3o do Sinasefe SM"},"content":{"rendered":"\n<p>A vota\u00e7\u00e3o desta sexta-feira, 12 de setembro, confirmou a elei\u00e7\u00e3o da chapa \u00fanica inscrita para a dire\u00e7\u00e3o do Sinasefe Santa Maria. Foram 15 votos referendando a chapa, nenhum voto branco ou nulo, informa a integrante da comiss\u00e3o eleitoral, professora Adriana Roso Lorenzoni. Filiados e filiadas puderam votar, segundo previsto no regimento eleitoral, das 9h \u00e0s 16h, na sede do sindicato (Avenida Rio Branco, n\u00ba 601, sala 02, centro de Santa Maria).<\/p>\n\n\n\n<p>Claudia do Amaral, que faz parte da nova coordena\u00e7\u00e3o-geral da entidade, destaca que na ter\u00e7a, 16 de setembro, \u00e0s 15h, ocorrer\u00e1 na sede do sindicato, a posse regimental da nova diretoria e de membros do Conselho Fiscal. J\u00e1 a apresenta\u00e7\u00e3o do novo grupo \u00e0 comunidade acontecer\u00e1 no pr\u00f3ximo dia 15 de outubro, dia do professor e da professora.<\/p>\n\n\n\n<figure class=\"wp-block-image size-large is-resized\"><img fetchpriority=\"high\" decoding=\"async\" width=\"576\" height=\"1024\" src=\"https:\/\/sinasefesm.com\/wp-content\/uploads\/2025\/09\/Miriane-576x1024.jpeg\" alt=\"\" class=\"wp-image-7702\" style=\"width:279px;height:auto\" srcset=\"https:\/\/sinasefesm.com\/wp-content\/uploads\/2025\/09\/Miriane-576x1024.jpeg 576w, https:\/\/sinasefesm.com\/wp-content\/uploads\/2025\/09\/Miriane-169x300.jpeg 169w, https:\/\/sinasefesm.com\/wp-content\/uploads\/2025\/09\/Miriane-768x1366.jpeg 768w, https:\/\/sinasefesm.com\/wp-content\/uploads\/2025\/09\/Miriane-864x1536.jpeg 864w, https:\/\/sinasefesm.com\/wp-content\/uploads\/2025\/09\/Miriane-150x267.jpeg 150w, https:\/\/sinasefesm.com\/wp-content\/uploads\/2025\/09\/Miriane-450x800.jpeg 450w, https:\/\/sinasefesm.com\/wp-content\/uploads\/2025\/09\/Miriane.jpeg 899w\" sizes=\"(max-width: 576px) 100vw, 576px\" \/><\/figure>\n\n\n\n<p>Confira os nomes que fazem parte da diretoria eleita:<\/p>\n\n\n\n<p>Coordenador(a) geral: Ad\u00e3o Ant\u00f4nio Pillar Damasceno<\/p>\n\n\n\n<p>Coordenador(a) geral: Cl\u00e1udia Let\u00edcia de Castro do Amaral<\/p>\n\n\n\n<p>Coordenador(a) geral: Jane Aparecida Flor\u00eancio<\/p>\n\n\n\n<p>Secret\u00e1rio(a) de Carreira e Rela\u00e7\u00e3o de Trabalho: Mariglei Severo Maraschin<\/p>\n\n\n\n<p>Secret\u00e1rio(a) de Carreira e Rela\u00e7\u00e3o de Trabalho: Cassiana Marques da Silva<\/p>\n\n\n\n<p>Secret\u00e1rio(a) geral: Deise Redin Mack<\/p>\n\n\n\n<p>Tesoureiro(a) geral: Eduardo Alves Oliveira<\/p>\n\n\n\n<p>Primeiro(a) Tesoureiro(a): Cl\u00e1udio Renato Schlessner Kelling<\/p>\n\n\n\n<p>Secret\u00e1rio(a) de Administra\u00e7\u00e3o: Lidiane Barroso<\/p>\n\n\n\n<p>Secret\u00e1rio(a) de Aposentados(as): Milton M\u00e1ximo Ferrari<\/p>\n\n\n\n<p>Secret\u00e1rio (a) de Comunica\u00e7\u00e3o e Forma\u00e7\u00e3o Pol\u00edtica e Sindical: Miriane Costa Fonseca<\/p>\n\n\n\n<p>Secret\u00e1rio (a) de Assuntos Legislativos e Jur\u00eddicos: Jos\u00e9 Ab\u00edlio Lima de Freitas<\/p>\n\n\n\n<p>Secret\u00e1rio (a) de Pessoal: Rodrigo Buske.<\/p>\n\n\n\n<figure class=\"wp-block-image size-large is-resized\"><img decoding=\"async\" width=\"576\" height=\"1024\" src=\"https:\/\/sinasefesm.com\/wp-content\/uploads\/2025\/09\/2-2-576x1024.jpeg\" alt=\"\" class=\"wp-image-7704\" style=\"width:292px;height:auto\" srcset=\"https:\/\/sinasefesm.com\/wp-content\/uploads\/2025\/09\/2-2-576x1024.jpeg 576w, https:\/\/sinasefesm.com\/wp-content\/uploads\/2025\/09\/2-2-169x300.jpeg 169w, https:\/\/sinasefesm.com\/wp-content\/uploads\/2025\/09\/2-2-150x267.jpeg 150w, https:\/\/sinasefesm.com\/wp-content\/uploads\/2025\/09\/2-2-450x800.jpeg 450w, https:\/\/sinasefesm.com\/wp-content\/uploads\/2025\/09\/2-2.jpeg 720w\" sizes=\"(max-width: 576px) 100vw, 576px\" \/><\/figure>\n\n\n\n<p>J\u00e1 o Conselho Fiscal ficou composto pelos seguintes nomes: Adriana Silveira Bonum\u00e1 Bortolini; Alejandro Lescano Schwarzkopf; Claudio Rodrigues do Nascimento; Roselene Pommer.<\/p>\n\n\n\n<p>A Comiss\u00e3o que coordenou a elei\u00e7\u00e3o foi: Adriana Roso Lorenzoni, Marco Aur\u00e9lio Garcia Bandeira e M\u00f4nica Brucker Kelling.<\/p>\n\n\n\n<p><em>Texto: Fritz Rivail<br>Fotos: Arquivo pessoal<\/em><\/p>\n","protected":false},"excerpt":{"rendered":"<p>A vota\u00e7\u00e3o desta sexta-feira, 12 de setembro, confirmou a elei\u00e7\u00e3o da chapa \u00fanica inscrita para a dire\u00e7\u00e3o do Sinasefe Santa Maria. Foram 15 votos referendando a chapa, nenhum voto branco ou nulo, informa a integrante da comiss\u00e3o eleitoral, professora Adriana Roso Lorenzoni. Filiados e filiadas puderam votar, segundo previsto no regimento eleitoral, das 9h \u00e0s<\/p>\n","protected":false},"author":7,"featured_media":7712,"comment_status":"open","ping_status":"open","sticky":false,"template":"","format":"standard","meta":{"footnotes":""},"categories":[42],"tags":[],"class_list":{"0":"post-7700","1":"post","2":"type-post","3":"status-publish","4":"format-standard","5":"has-post-thumbnail","7":"category-noticia"},"_links":{"self":[{"href":"https:\/\/sinasefesm.com\/index.php\/wp-json\/wp\/v2\/posts\/7700","targetHints":{"allow":["GET"]}}],"collection":[{"href":"https:\/\/sinasefesm.com\/index.php\/wp-json\/wp\/v2\/posts"}],"about":[{"href":"https:\/\/sinasefesm.com\/index.php\/wp-json\/wp\/v2\/types\/post"}],"author":[{"embeddable":true,"href":"https:\/\/sinasefesm.com\/index.php\/wp-json\/wp\/v2\/users\/7"}],"replies":[{"embeddable":true,"href":"https:\/\/sinasefesm.com\/index.php\/wp-json\/wp\/v2\/comments?post=7700"}],"version-history":[{"count":1,"href":"https:\/\/sinasefesm.com\/index.php\/wp-json\/wp\/v2\/posts\/7700\/revisions"}],"predecessor-version":[{"id":7705,"href":"https:\/\/sinasefesm.com\/index.php\/wp-json\/wp\/v2\/posts\/7700\/revisions\/7705"}],"wp:featuredmedia":[{"embeddable":true,"href":"https:\/\/sinasefesm.com\/index.php\/wp-json\/wp\/v2\/media\/7712"}],"wp:attachment":[{"href":"https:\/\/sinasefesm.com\/index.php\/wp-json\/wp\/v2\/media?parent=7700"}],"wp:term":[{"taxonomy":"category","embeddable":true,"href":"https:\/\/sinasefesm.com\/index.php\/wp-json\/wp\/v2\/categories?post=7700"},{"taxonomy":"post_tag","embeddable":true,"href":"https:\/\/sinasefesm.com\/index.php\/wp-json\/wp\/v2\/tags?post=7700"}],"curies":[{"name":"wp","href":"https:\/\/api.w.org\/{rel}","templated":true}]}}