{"id":7714,"date":"2025-09-15T17:45:48","date_gmt":"2025-09-15T20:45:48","guid":{"rendered":"https:\/\/sinasefesm.com\/?p=7714"},"modified":"2025-09-15T17:45:49","modified_gmt":"2025-09-15T20:45:49","slug":"audiencia-publica-na-camara-sinasefe-reafirma-cobranca-dos-acordos-de-greve","status":"publish","type":"post","link":"https:\/\/sinasefesm.com\/index.php\/2025\/09\/15\/audiencia-publica-na-camara-sinasefe-reafirma-cobranca-dos-acordos-de-greve\/","title":{"rendered":"Audi\u00eancia p\u00fablica na C\u00e2mara: Sinasefe reafirma cobran\u00e7a dos acordos de greve"},"content":{"rendered":"\n<p>O Sinasefe participou na quinta-feira (11\/09), de uma audi\u00eancia p\u00fablica na Comiss\u00e3o de Administra\u00e7\u00e3o e Servi\u00e7o P\u00fablico da C\u00e2mara dos Deputados. O tema em debate foi a\u00a0<em>\u201cAvalia\u00e7\u00e3o sobre o cumprimento do Termo de Acordo de Greve n\u00ba 10\/2024\u201c<\/em>, que trata da carreira de docentes do magist\u00e9rio federal. Al\u00e9m da audi\u00eancia, o sindicato organizou paralisa\u00e7\u00f5es em v\u00e1rios estados e caravanas para Bras\u00edlia-DF.<\/p>\n\n\n\n<p>Representado pelo coordenador geral, Manoel Porto J\u00fanior, o Sinasefe\u00a0<a href=\"https:\/\/www.instagram.com\/sinasefe\/reel\/DOdzQ0ggMZ2\/\" target=\"_blank\" rel=\"noreferrer noopener\">destacou elementos<\/a>\u00a0ainda pendentes de cumprimento no acordo: a Regulamenta\u00e7\u00e3o da Atividade Docente (RAD), o fim do controle de frequ\u00eancia e as inconsist\u00eancias na tabela remunerat\u00f3ria da carreira. O sindicato tamb\u00e9m denunciou a articula\u00e7\u00e3o do Congresso Nacional para aprovar uma Reforma Administrativa sem debates e ressaltou a luta contra a anistia de golpistas.<\/p>\n\n\n\n<p>O Sinasefe, junto com entidades do Fonasefe (Andes-SN, Fasubra e Fenasps), lotou o plen\u00e1rio da comiss\u00e3o e participou ativamente das interven\u00e7\u00f5es na audi\u00eancia.\u00a0<a href=\"https:\/\/www.instagram.com\/p\/DOd0aQsgNng\/\" target=\"_blank\" rel=\"noreferrer noopener\">Wildson Justiniano<\/a>, sindicalizado da se\u00e7\u00e3o Rio Pomba-MG, ressaltou a problem\u00e1tica das inconsist\u00eancias nas tabelas remunerat\u00f3rias dos docentes.\u00a0<\/p>\n\n\n\n<p><a href=\"https:\/\/www.instagram.com\/p\/DOd1OMwgJt3\/\" target=\"_blank\" rel=\"noreferrer noopener\">Roberta Cassiano<\/a>, sindicalizada do Sintifrj-RJ tamb\u00e9m recha\u00e7ou a aus\u00eancia do governo na audi\u00eancia e ressaltou que sindicatos n\u00e3o podem ser vistos pelo governo como inimigos. Ela defendeu ainda que a defesa da democracia passa pela valoriza\u00e7\u00e3o de servidoras(es).\u00a0<\/p>\n\n\n\n<p><a href=\"https:\/\/www.instagram.com\/sinasefe\/reel\/DOd2WbqgDrz\/\" target=\"_blank\" rel=\"noreferrer noopener\">L\u00edria Lara<\/a>, sindicalizada do Sinasefe IFMG, destacou que os acordos est\u00e3o assinados h\u00e1 mais de um ano e dois meses e ainda pendentes, al\u00e9m de denunciar a precariza\u00e7\u00e3o que a Reforma Administrativa pretende implementar no servi\u00e7o p\u00fablico. As\u00a0<a href=\"https:\/\/www.instagram.com\/sinasefe\/reel\/DOd5NgOgInX\/\" target=\"_blank\" rel=\"noreferrer noopener\">sindicalizadas<\/a>\u00a0Cristina Damasceno (Sinasefe Ifes), Andr\u00e9ia Ioca (Sinasefe IFMT), Rosileny Rodrigues (Sindscope-RJ) e J\u00e9ssica Rosa (Sindscope-RJ) tamb\u00e9m apontaram suas contribui\u00e7\u00f5es ao debate.<\/p>\n\n\n\n<p>A deputada S\u00e2mia Bomfim (PSOL-SP), que fez o requerimento para realiza\u00e7\u00e3o desta audi\u00eancia, refor\u00e7ou seu apoio \u00e0 categoria e ressaltou que ser\u00e1 organizado um material com os encaminhamentos sugeridos na atividade. Ela lembrou ainda a realiza\u00e7\u00e3o de audi\u00eancia p\u00fablica semelhante, no \u00faltimo dia 28\/08,&nbsp;<a href=\"https:\/\/sinasefe.org.br\/site\/em-audiencia-publica-sinasefe-reafirma-cobranca-pelo-cumprimento-de-acordos-de-greve\/\" target=\"_blank\" rel=\"noreferrer noopener\">para tratar do cumprimento do acordo de t\u00e9cnico-administrativas(os)<\/a>.<\/p>\n\n\n\n<h3 class=\"wp-block-heading\" id=\"h-caravanas\">Caravanas<\/h3>\n\n\n\n<figure class=\"wp-block-image size-large is-resized\"><img fetchpriority=\"high\" decoding=\"async\" width=\"1024\" height=\"577\" src=\"https:\/\/sinasefesm.com\/wp-content\/uploads\/2025\/09\/audiencia-publica-camara-5-e-caravana-11.09-1024x577.jpg\" alt=\"\" class=\"wp-image-7716\" style=\"width:532px;height:auto\" srcset=\"https:\/\/sinasefesm.com\/wp-content\/uploads\/2025\/09\/audiencia-publica-camara-5-e-caravana-11.09-1024x577.jpg 1024w, https:\/\/sinasefesm.com\/wp-content\/uploads\/2025\/09\/audiencia-publica-camara-5-e-caravana-11.09-300x169.jpg 300w, https:\/\/sinasefesm.com\/wp-content\/uploads\/2025\/09\/audiencia-publica-camara-5-e-caravana-11.09-768x433.jpg 768w, https:\/\/sinasefesm.com\/wp-content\/uploads\/2025\/09\/audiencia-publica-camara-5-e-caravana-11.09-1536x865.jpg 1536w, https:\/\/sinasefesm.com\/wp-content\/uploads\/2025\/09\/audiencia-publica-camara-5-e-caravana-11.09-150x85.jpg 150w, https:\/\/sinasefesm.com\/wp-content\/uploads\/2025\/09\/audiencia-publica-camara-5-e-caravana-11.09-450x254.jpg 450w, https:\/\/sinasefesm.com\/wp-content\/uploads\/2025\/09\/audiencia-publica-camara-5-e-caravana-11.09-1200x676.jpg 1200w, https:\/\/sinasefesm.com\/wp-content\/uploads\/2025\/09\/audiencia-publica-camara-5-e-caravana-11.09.jpg 1800w\" sizes=\"(max-width: 1024px) 100vw, 1024px\" \/><\/figure>\n\n\n\n<p>Al\u00e9m da audi\u00eancia p\u00fablica na quinta (11\/09), o Sinasefe organizou paralisa\u00e7\u00f5es e fortaleceu atos unificados de servidoras(es) p\u00fablicas(os) ao redor do pa\u00eds desde segunda (09\/09). Caravanas de v\u00e1rios estados estiveram nas atividades da capital federal.<\/p>\n\n\n\n<p><em>Fonte e imagens: Sinasefe Nacional<\/em><\/p>\n\n\n\n<p><\/p>\n","protected":false},"excerpt":{"rendered":"<p>O Sinasefe participou na quinta-feira (11\/09), de uma audi\u00eancia p\u00fablica na Comiss\u00e3o de Administra\u00e7\u00e3o e Servi\u00e7o P\u00fablico da C\u00e2mara dos Deputados. O tema em debate foi a\u00a0\u201cAvalia\u00e7\u00e3o sobre o cumprimento do Termo de Acordo de Greve n\u00ba 10\/2024\u201c, que trata da carreira de docentes do magist\u00e9rio federal. Al\u00e9m da audi\u00eancia, o sindicato organizou paralisa\u00e7\u00f5es em<\/p>\n","protected":false},"author":7,"featured_media":7715,"comment_status":"open","ping_status":"open","sticky":false,"template":"","format":"standard","meta":{"footnotes":""},"categories":[41],"tags":[],"class_list":{"0":"post-7714","1":"post","2":"type-post","3":"status-publish","4":"format-standard","5":"has-post-thumbnail","7":"category-movimento"},"_links":{"self":[{"href":"https:\/\/sinasefesm.com\/index.php\/wp-json\/wp\/v2\/posts\/7714","targetHints":{"allow":["GET"]}}],"collection":[{"href":"https:\/\/sinasefesm.com\/index.php\/wp-json\/wp\/v2\/posts"}],"about":[{"href":"https:\/\/sinasefesm.com\/index.php\/wp-json\/wp\/v2\/types\/post"}],"author":[{"embeddable":true,"href":"https:\/\/sinasefesm.com\/index.php\/wp-json\/wp\/v2\/users\/7"}],"replies":[{"embeddable":true,"href":"https:\/\/sinasefesm.com\/index.php\/wp-json\/wp\/v2\/comments?post=7714"}],"version-history":[{"count":1,"href":"https:\/\/sinasefesm.com\/index.php\/wp-json\/wp\/v2\/posts\/7714\/revisions"}],"predecessor-version":[{"id":7717,"href":"https:\/\/sinasefesm.com\/index.php\/wp-json\/wp\/v2\/posts\/7714\/revisions\/7717"}],"wp:featuredmedia":[{"embeddable":true,"href":"https:\/\/sinasefesm.com\/index.php\/wp-json\/wp\/v2\/media\/7715"}],"wp:attachment":[{"href":"https:\/\/sinasefesm.com\/index.php\/wp-json\/wp\/v2\/media?parent=7714"}],"wp:term":[{"taxonomy":"category","embeddable":true,"href":"https:\/\/sinasefesm.com\/index.php\/wp-json\/wp\/v2\/categories?post=7714"},{"taxonomy":"post_tag","embeddable":true,"href":"https:\/\/sinasefesm.com\/index.php\/wp-json\/wp\/v2\/tags?post=7714"}],"curies":[{"name":"wp","href":"https:\/\/api.w.org\/{rel}","templated":true}]}}