{"id":7718,"date":"2025-09-17T08:27:07","date_gmt":"2025-09-17T11:27:07","guid":{"rendered":"https:\/\/sinasefesm.com\/?p=7718"},"modified":"2025-09-17T08:28:23","modified_gmt":"2025-09-17T11:28:23","slug":"nova-diretoria-do-sinasefe-sm-toma-posse","status":"publish","type":"post","link":"https:\/\/sinasefesm.com\/index.php\/2025\/09\/17\/nova-diretoria-do-sinasefe-sm-toma-posse\/","title":{"rendered":"Nova diretoria do Sinasefe SM toma posse"},"content":{"rendered":"\n<p>Nesta ter\u00e7a, 16 de setembro, tomou a posse a nova diretoria do Sinasefe Santa Maria. A atual composi\u00e7\u00e3o foi eleita no <strong><a href=\"https:\/\/sinasefesm.com\/index.php\/2025\/09\/12\/votacao-confirma-eleicao-de-chapa-inscrita-a-direcao-do-sinasefe-sm\/\">pleito<\/a> <\/strong>ocorrido na \u00faltima sexta, 12 de setembro. A apresenta\u00e7\u00e3o do grupo \u00e0 comunidade acontecer\u00e1 no pr\u00f3ximo dia 15 de outubro, dia do professor e da professora.<br><br>Acompanhe abaixo algumas das propostas da diretoria, que seguir\u00e3o em debate para aprimoramento com a base da categoria.<br><br>&#8211; Realizar reuni\u00f5es regulares com pautas definidas e compartilhadas antecipadamente;<\/p>\n\n\n\n<p>&#8211; Promover atividades de forma\u00e7\u00e3o sindical de servidores\/as;<\/p>\n\n\n\n<p>&#8211; Promover apoio e fortalecimento do GT de Pol\u00edticas Educacionais;<\/p>\n\n\n\n<p>&#8211; Atender \u00e0s demandas peculiares da base \u2013 CMSM, Ip\u00ea Amarelo, CTISM, Polit\u00e9cnico, Jaguari atrav\u00e9s da realiza\u00e7\u00e3o de reuni\u00f5es e assembleias nas diferentes unidades;<\/p>\n\n\n\n<p>&#8211; Manuten\u00e7\u00e3o da assessoria jur\u00eddica, com plant\u00f5es jur\u00eddicos mensais e atividades como encontros e palestras com os associados;<\/p>\n\n\n\n<p>&#8211; Realizar assembleias com o objetivo de deliberar sobre as a\u00e7\u00f5es judiciais em curso;<\/p>\n\n\n\n<p>&#8211; Fortalecimento da comunica\u00e7\u00e3o do sindicato;<\/p>\n\n\n\n<p>&#8211; Fortalecimento das pautas em defesa das minorias e da diversidade;<\/p>\n\n\n\n<p>&#8211; Participar dos eventos do Sinasefe em n\u00edvel regional e nacional;<\/p>\n\n\n\n<p>&#8211;&nbsp; Amplia\u00e7\u00e3o debate com o sindicato nacional dentro das pautas e lutas em curso;<\/p>\n\n\n\n<p>&#8211; Fortalecimento das lutas;<\/p>\n\n\n\n<p>&#8211; Organizar a se\u00e7\u00e3o para torn\u00e1-la adequada para encontros;<\/p>\n\n\n\n<p>&#8211; Atender a demandas contingenciais da base, com busca por conv\u00eanios, comemora\u00e7\u00f5es de datas festivas como dia dos servidores p\u00fablicos, dia dos professores, anivers\u00e1rios de associados\/as;<\/p>\n\n\n\n<p>&#8211; Permanente campanha de sindicaliza\u00e7\u00e3o;<\/p>\n\n\n\n<p>&#8211; Buscar alternativas para fortalecer a luta sindical do Ensino B\u00e1sico, T\u00e9cnico e Tecnol\u00f3gico no \u00e2mbito de Santa Maria.<\/p>\n\n\n\n<figure class=\"wp-block-image size-large is-resized\"><img fetchpriority=\"high\" decoding=\"async\" width=\"768\" height=\"1024\" src=\"https:\/\/sinasefesm.com\/wp-content\/uploads\/2025\/09\/Posse-16.09-768x1024.jpeg\" alt=\"\" class=\"wp-image-7720\" style=\"width:433px;height:auto\" srcset=\"https:\/\/sinasefesm.com\/wp-content\/uploads\/2025\/09\/Posse-16.09-768x1024.jpeg 768w, https:\/\/sinasefesm.com\/wp-content\/uploads\/2025\/09\/Posse-16.09-225x300.jpeg 225w, https:\/\/sinasefesm.com\/wp-content\/uploads\/2025\/09\/Posse-16.09-1152x1536.jpeg 1152w, https:\/\/sinasefesm.com\/wp-content\/uploads\/2025\/09\/Posse-16.09-150x200.jpeg 150w, https:\/\/sinasefesm.com\/wp-content\/uploads\/2025\/09\/Posse-16.09-450x600.jpeg 450w, https:\/\/sinasefesm.com\/wp-content\/uploads\/2025\/09\/Posse-16.09.jpeg 1200w\" sizes=\"(max-width: 768px) 100vw, 768px\" \/><\/figure>\n\n\n\n<p><strong>Confira tamb\u00e9m os nomes que fazem parte da diretoria eleita e empossada:<\/strong><\/p>\n\n\n\n<p>Coordenador(a) geral: Ad\u00e3o Ant\u00f4nio Pillar Damasceno<\/p>\n\n\n\n<p>Coordenador(a) geral: Cl\u00e1udia Let\u00edcia de Castro do Amaral<\/p>\n\n\n\n<p>Coordenador(a) geral: Jane Aparecida Flor\u00eancio<\/p>\n\n\n\n<p>Secret\u00e1rio(a) de Carreira e Rela\u00e7\u00e3o de Trabalho: Mariglei Severo Maraschin<\/p>\n\n\n\n<p>Secret\u00e1rio(a) de Carreira e Rela\u00e7\u00e3o de Trabalho: Cassiana Marques da Silva<\/p>\n\n\n\n<p>Secret\u00e1rio(a) geral: Deise Redin Mack<\/p>\n\n\n\n<p>Tesoureiro(a) geral: Eduardo Alves Oliveira<\/p>\n\n\n\n<p>Primeiro(a) Tesoureiro(a): Cl\u00e1udio Renato Schlessner Kelling<\/p>\n\n\n\n<p>Secret\u00e1rio(a) de Administra\u00e7\u00e3o: Lidiane Barroso<\/p>\n\n\n\n<p>Secret\u00e1rio(a) de Aposentados(as): Milton M\u00e1ximo Ferrari<\/p>\n\n\n\n<p>Secret\u00e1rio (a) de Comunica\u00e7\u00e3o e Forma\u00e7\u00e3o Pol\u00edtica e Sindical: Miriane Costa Fonseca<\/p>\n\n\n\n<p>Secret\u00e1rio (a) de Assuntos Legislativos e Jur\u00eddicos: Jos\u00e9 Ab\u00edlio Lima de Freitas<\/p>\n\n\n\n<p>Secret\u00e1rio (a) de Pessoal: Rodrigo Buske.<\/p>\n\n\n\n<p>J\u00e1 o Conselho Fiscal ficou composto pelos seguintes nomes: Adriana Silveira Bonum\u00e1 Bortolini; Alejandro Lescano Schwarzkopf; Claudio Rodrigues do Nascimento; Roselene Pommer.<\/p>\n\n\n\n<p><em>Fotos: Arquivo pessoal<br>Edi\u00e7\u00e3o: Fritz Rivail<\/em><\/p>\n","protected":false},"excerpt":{"rendered":"<p>Nesta ter\u00e7a, 16 de setembro, tomou a posse a nova diretoria do Sinasefe Santa Maria. A atual composi\u00e7\u00e3o foi eleita no pleito ocorrido na \u00faltima sexta, 12 de setembro. A apresenta\u00e7\u00e3o do grupo \u00e0 comunidade acontecer\u00e1 no pr\u00f3ximo dia 15 de outubro, dia do professor e da professora. Acompanhe abaixo algumas das propostas da diretoria,<\/p>\n","protected":false},"author":7,"featured_media":7719,"comment_status":"open","ping_status":"open","sticky":false,"template":"","format":"standard","meta":{"footnotes":""},"categories":[45],"tags":[],"class_list":{"0":"post-7718","1":"post","2":"type-post","3":"status-publish","4":"format-standard","5":"has-post-thumbnail","7":"category-sindicato"},"_links":{"self":[{"href":"https:\/\/sinasefesm.com\/index.php\/wp-json\/wp\/v2\/posts\/7718","targetHints":{"allow":["GET"]}}],"collection":[{"href":"https:\/\/sinasefesm.com\/index.php\/wp-json\/wp\/v2\/posts"}],"about":[{"href":"https:\/\/sinasefesm.com\/index.php\/wp-json\/wp\/v2\/types\/post"}],"author":[{"embeddable":true,"href":"https:\/\/sinasefesm.com\/index.php\/wp-json\/wp\/v2\/users\/7"}],"replies":[{"embeddable":true,"href":"https:\/\/sinasefesm.com\/index.php\/wp-json\/wp\/v2\/comments?post=7718"}],"version-history":[{"count":1,"href":"https:\/\/sinasefesm.com\/index.php\/wp-json\/wp\/v2\/posts\/7718\/revisions"}],"predecessor-version":[{"id":7721,"href":"https:\/\/sinasefesm.com\/index.php\/wp-json\/wp\/v2\/posts\/7718\/revisions\/7721"}],"wp:featuredmedia":[{"embeddable":true,"href":"https:\/\/sinasefesm.com\/index.php\/wp-json\/wp\/v2\/media\/7719"}],"wp:attachment":[{"href":"https:\/\/sinasefesm.com\/index.php\/wp-json\/wp\/v2\/media?parent=7718"}],"wp:term":[{"taxonomy":"category","embeddable":true,"href":"https:\/\/sinasefesm.com\/index.php\/wp-json\/wp\/v2\/categories?post=7718"},{"taxonomy":"post_tag","embeddable":true,"href":"https:\/\/sinasefesm.com\/index.php\/wp-json\/wp\/v2\/tags?post=7718"}],"curies":[{"name":"wp","href":"https:\/\/api.w.org\/{rel}","templated":true}]}}