{"id":7722,"date":"2025-09-18T14:02:50","date_gmt":"2025-09-18T17:02:50","guid":{"rendered":"https:\/\/sinasefesm.com\/?p=7722"},"modified":"2025-09-18T14:02:51","modified_gmt":"2025-09-18T17:02:51","slug":"sindicatos-organizam-atividades-conjuntas-contra-a-reforma-administrativa","status":"publish","type":"post","link":"https:\/\/sinasefesm.com\/index.php\/2025\/09\/18\/sindicatos-organizam-atividades-conjuntas-contra-a-reforma-administrativa\/","title":{"rendered":"Sindicatos organizam atividades conjuntas contra a Reforma Administrativa"},"content":{"rendered":"\n<p>Na \u00faltima ter\u00e7a-feira (16\/09) o Sinasefe se reuniu com Andes-SN e Fasubra. As entidades sindicais definiram agendas conjuntas para denunciar a Reforma Administrativa e exigir o cumprimento dos acordos de greve.<\/p>\n\n\n\n<p>O objetivo desse encontro semanal \u00e9 articular essas lutas conjuntas, al\u00e9m de viabilizar um compartilhamento do que cada entidade est\u00e1 construindo e aprovando coletivamente.<\/p>\n\n\n\n<p>Ficaram combinadas manifesta\u00e7\u00f5es no Aeroporto (ter\u00e7as-feiras) e visitas aos gabinetes parlamentares (quartas-feiras). Est\u00e1 em avalia\u00e7\u00e3o, ainda, a realiza\u00e7\u00e3o da greve nacional nos dias 29 e\/ou 30 de outubro, com poss\u00edvel organiza\u00e7\u00e3o de uma marcha a Bras\u00edlia.<\/p>\n\n\n\n<p>O Sinasefe nacional foi representado na atividade por Antonildo Pereira (coordenador geral), Larissa Melo (plantonista da se\u00e7\u00e3o IF Sert\u00e3o-PE) e Sandra Carvalho (plantonista da se\u00e7\u00e3o SinasefeIFMG).<\/p>\n\n\n\n<p><em>Fonte e imagem: Sinasefe Nacional<\/em><\/p>\n","protected":false},"excerpt":{"rendered":"<p>Na \u00faltima ter\u00e7a-feira (16\/09) o Sinasefe se reuniu com Andes-SN e Fasubra. As entidades sindicais definiram agendas conjuntas para denunciar a Reforma Administrativa e exigir o cumprimento dos acordos de greve. O objetivo desse encontro semanal \u00e9 articular essas lutas conjuntas, al\u00e9m de viabilizar um compartilhamento do que cada entidade est\u00e1 construindo e aprovando coletivamente.<\/p>\n","protected":false},"author":7,"featured_media":7723,"comment_status":"open","ping_status":"open","sticky":false,"template":"","format":"standard","meta":{"footnotes":""},"categories":[44],"tags":[],"class_list":{"0":"post-7722","1":"post","2":"type-post","3":"status-publish","4":"format-standard","5":"has-post-thumbnail","7":"category-reforma-administrativa"},"_links":{"self":[{"href":"https:\/\/sinasefesm.com\/index.php\/wp-json\/wp\/v2\/posts\/7722","targetHints":{"allow":["GET"]}}],"collection":[{"href":"https:\/\/sinasefesm.com\/index.php\/wp-json\/wp\/v2\/posts"}],"about":[{"href":"https:\/\/sinasefesm.com\/index.php\/wp-json\/wp\/v2\/types\/post"}],"author":[{"embeddable":true,"href":"https:\/\/sinasefesm.com\/index.php\/wp-json\/wp\/v2\/users\/7"}],"replies":[{"embeddable":true,"href":"https:\/\/sinasefesm.com\/index.php\/wp-json\/wp\/v2\/comments?post=7722"}],"version-history":[{"count":1,"href":"https:\/\/sinasefesm.com\/index.php\/wp-json\/wp\/v2\/posts\/7722\/revisions"}],"predecessor-version":[{"id":7724,"href":"https:\/\/sinasefesm.com\/index.php\/wp-json\/wp\/v2\/posts\/7722\/revisions\/7724"}],"wp:featuredmedia":[{"embeddable":true,"href":"https:\/\/sinasefesm.com\/index.php\/wp-json\/wp\/v2\/media\/7723"}],"wp:attachment":[{"href":"https:\/\/sinasefesm.com\/index.php\/wp-json\/wp\/v2\/media?parent=7722"}],"wp:term":[{"taxonomy":"category","embeddable":true,"href":"https:\/\/sinasefesm.com\/index.php\/wp-json\/wp\/v2\/categories?post=7722"},{"taxonomy":"post_tag","embeddable":true,"href":"https:\/\/sinasefesm.com\/index.php\/wp-json\/wp\/v2\/tags?post=7722"}],"curies":[{"name":"wp","href":"https:\/\/api.w.org\/{rel}","templated":true}]}}