{"id":7730,"date":"2025-10-02T19:17:37","date_gmt":"2025-10-02T22:17:37","guid":{"rendered":"https:\/\/sinasefesm.com\/?p=7730"},"modified":"2025-10-02T19:17:37","modified_gmt":"2025-10-02T22:17:37","slug":"outubro-mes-de-luta-contra-a-reforma-administrativa","status":"publish","type":"post","link":"https:\/\/sinasefesm.com\/index.php\/2025\/10\/02\/outubro-mes-de-luta-contra-a-reforma-administrativa\/","title":{"rendered":"Outubro, m\u00eas de luta contra a Reforma Administrativa"},"content":{"rendered":"\n<p>O Sinasefe, reunido em sua 205\u00aa PLENA, aprovou a intensifica\u00e7\u00e3o das lutas contra a Reforma Administrativa e pelo cumprimento total dos acordos da greve de 2024. Al\u00e9m de indicar datas espec\u00edficas, o f\u00f3rum destacou a import\u00e2ncia de ampliar da participa\u00e7\u00e3o das se\u00e7\u00f5es sindicais nas atividades fixas de mobiliza\u00e7\u00e3o em Bras\u00edlia-DF (\u00e0s ter\u00e7as e quartas).<\/p>\n\n\n\n<p>Veja o calend\u00e1rio completo:<\/p>\n\n\n\n<ul class=\"wp-block-list\">\n<li>15\/10 \u2013 Mobiliza\u00e7\u00e3o nacional de estudantes e trabalhadoras(es) da educa\u00e7\u00e3o;<\/li>\n\n\n\n<li>22\/10 \u2013 Reuni\u00e3o Ampliada preparat\u00f3ria para Marcha de 29\/10;<\/li>\n\n\n\n<li>27 e 28\/10 \u2013 206\u00aa Plen\u00e1ria Nacional do Sinasefe (h\u00edbrida);<\/li>\n\n\n\n<li>28 e 29\/10 \u2013 Paralisa\u00e7\u00e3o Nacional na Rede Federal de Educa\u00e7\u00e3o;<\/li>\n\n\n\n<li>29\/10 \u2013 Marcha Nacional do Servi\u00e7o P\u00fablico contra a Reforma Administrativa.<\/li>\n<\/ul>\n\n\n\n<p>Confira detalhes no\u00a0<a href=\"https:\/\/sinasefe.org.br\/site\/download\/oficio-circular-no-46-2025-informacoes-sobre-lutas-contra-a-reforma-administrativa-no-mes-de-outubro\/\" target=\"_blank\" rel=\"noreferrer noopener\">Of\u00edcio Circular n\u00ba 46\/2025<\/a>.<\/p>\n\n\n\n<p><em>Fonte e imagem: Sinasefe Nacional<\/em><\/p>\n\n\n\n<p><\/p>\n","protected":false},"excerpt":{"rendered":"<p>O Sinasefe, reunido em sua 205\u00aa PLENA, aprovou a intensifica\u00e7\u00e3o das lutas contra a Reforma Administrativa e pelo cumprimento total dos acordos da greve de 2024. Al\u00e9m de indicar datas espec\u00edficas, o f\u00f3rum destacou a import\u00e2ncia de ampliar da participa\u00e7\u00e3o das se\u00e7\u00f5es sindicais nas atividades fixas de mobiliza\u00e7\u00e3o em Bras\u00edlia-DF (\u00e0s ter\u00e7as e quartas). Veja<\/p>\n","protected":false},"author":7,"featured_media":7731,"comment_status":"open","ping_status":"open","sticky":false,"template":"","format":"standard","meta":{"footnotes":""},"categories":[44],"tags":[],"class_list":{"0":"post-7730","1":"post","2":"type-post","3":"status-publish","4":"format-standard","5":"has-post-thumbnail","7":"category-reforma-administrativa"},"_links":{"self":[{"href":"https:\/\/sinasefesm.com\/index.php\/wp-json\/wp\/v2\/posts\/7730","targetHints":{"allow":["GET"]}}],"collection":[{"href":"https:\/\/sinasefesm.com\/index.php\/wp-json\/wp\/v2\/posts"}],"about":[{"href":"https:\/\/sinasefesm.com\/index.php\/wp-json\/wp\/v2\/types\/post"}],"author":[{"embeddable":true,"href":"https:\/\/sinasefesm.com\/index.php\/wp-json\/wp\/v2\/users\/7"}],"replies":[{"embeddable":true,"href":"https:\/\/sinasefesm.com\/index.php\/wp-json\/wp\/v2\/comments?post=7730"}],"version-history":[{"count":1,"href":"https:\/\/sinasefesm.com\/index.php\/wp-json\/wp\/v2\/posts\/7730\/revisions"}],"predecessor-version":[{"id":7732,"href":"https:\/\/sinasefesm.com\/index.php\/wp-json\/wp\/v2\/posts\/7730\/revisions\/7732"}],"wp:featuredmedia":[{"embeddable":true,"href":"https:\/\/sinasefesm.com\/index.php\/wp-json\/wp\/v2\/media\/7731"}],"wp:attachment":[{"href":"https:\/\/sinasefesm.com\/index.php\/wp-json\/wp\/v2\/media?parent=7730"}],"wp:term":[{"taxonomy":"category","embeddable":true,"href":"https:\/\/sinasefesm.com\/index.php\/wp-json\/wp\/v2\/categories?post=7730"},{"taxonomy":"post_tag","embeddable":true,"href":"https:\/\/sinasefesm.com\/index.php\/wp-json\/wp\/v2\/tags?post=7730"}],"curies":[{"name":"wp","href":"https:\/\/api.w.org\/{rel}","templated":true}]}}