{"id":7738,"date":"2025-10-16T14:17:30","date_gmt":"2025-10-16T17:17:30","guid":{"rendered":"https:\/\/sinasefesm.com\/?p=7738"},"modified":"2025-10-16T14:17:30","modified_gmt":"2025-10-16T17:17:30","slug":"parlamentares-desmascaram-interesses-por-tras-da-reforma-administrativa","status":"publish","type":"post","link":"https:\/\/sinasefesm.com\/index.php\/2025\/10\/16\/parlamentares-desmascaram-interesses-por-tras-da-reforma-administrativa\/","title":{"rendered":"Parlamentares desmascaram interesses por tr\u00e1s da Reforma Administrativa"},"content":{"rendered":"\n<p>O Sinasefe segue em mobiliza\u00e7\u00e3o para denunciar a farsa da Reforma Administrativa. Na ter\u00e7a-feira (14\/10) o sindicato nacional esteve presente na atividade da Frente Parlamentar Mista em Defesa do Servi\u00e7o P\u00fablico, realizada no Audit\u00f3rio Nereu Ramos, da C\u00e2mara dos Deputados.<\/p>\n\n\n\n<p>A atividade, uma reuni\u00e3o conjunta das comiss\u00f5es de Finan\u00e7as e Tributa\u00e7\u00e3o e de Administra\u00e7\u00e3o e Servi\u00e7o P\u00fablico, teve a participa\u00e7\u00e3o de deputadas(os) do PT, PCdoB e PSOL, al\u00e9m da presen\u00e7a de dezenas de entidades classistas (dentre centrais sindicais e sindicatos).<\/p>\n\n\n\n<p>Desde a apresenta\u00e7\u00e3o dos\u00a0<a href=\"https:\/\/infograficos.camara.leg.br\/reformaadministrativa\/\" target=\"_blank\" rel=\"noreferrer noopener\">textos da Reforma Administrativa<\/a>, parlamentares da esquerda refor\u00e7am que a proposta \u00e9 uma farsa, elaborada para atender aos interesses do mercado financeiro e destruir os servi\u00e7os p\u00fablicos, o que foi confirmado na atividade da \u00faltima ter\u00e7a.<\/p>\n\n\n\n<p><em>\u201cEssa proposta de reforma administrativa \u00e9 um projeto que visa desmantelar os servi\u00e7os p\u00fablicos e as carreiras<\/em>\u201c, afirmou Francisco Freitas, coordenador-geral do Sinasefe, referindo-se aos \u2018textos finais\u2019 apresentados pelo Grupo de Trabalho da C\u00e2mara. Ele ressaltou que essa reuni\u00e3o conjunta foi importante para organizar a luta coletiva, sendo a primeira atividade ampla realizada ap\u00f3s a apresenta\u00e7\u00e3o dos textos.<\/p>\n\n\n\n<figure class=\"wp-block-image size-large is-resized\"><img fetchpriority=\"high\" decoding=\"async\" width=\"1024\" height=\"577\" src=\"https:\/\/sinasefesm.com\/wp-content\/uploads\/2025\/10\/audiencia-camara-reforma-2-1024x577.jpg\" alt=\"\" class=\"wp-image-7740\" style=\"width:559px;height:auto\" srcset=\"https:\/\/sinasefesm.com\/wp-content\/uploads\/2025\/10\/audiencia-camara-reforma-2-1024x577.jpg 1024w, https:\/\/sinasefesm.com\/wp-content\/uploads\/2025\/10\/audiencia-camara-reforma-2-300x169.jpg 300w, https:\/\/sinasefesm.com\/wp-content\/uploads\/2025\/10\/audiencia-camara-reforma-2-768x433.jpg 768w, https:\/\/sinasefesm.com\/wp-content\/uploads\/2025\/10\/audiencia-camara-reforma-2-1536x865.jpg 1536w, https:\/\/sinasefesm.com\/wp-content\/uploads\/2025\/10\/audiencia-camara-reforma-2-150x85.jpg 150w, https:\/\/sinasefesm.com\/wp-content\/uploads\/2025\/10\/audiencia-camara-reforma-2-450x254.jpg 450w, https:\/\/sinasefesm.com\/wp-content\/uploads\/2025\/10\/audiencia-camara-reforma-2-1200x676.jpg 1200w, https:\/\/sinasefesm.com\/wp-content\/uploads\/2025\/10\/audiencia-camara-reforma-2.jpg 1800w\" sizes=\"(max-width: 1024px) 100vw, 1024px\" \/><\/figure>\n\n\n\n<p>Os plantonistas Eurico Souza (secret\u00e1rio-adjunto de pol\u00edticas para LGBTQIAPN+) e Francisco Freitas (coordenador geral) participaram da atividade.<\/p>\n\n\n\n<p><em>Fonte e imagens: Sinasefe Nacional<\/em><\/p>\n","protected":false},"excerpt":{"rendered":"<p>O Sinasefe segue em mobiliza\u00e7\u00e3o para denunciar a farsa da Reforma Administrativa. Na ter\u00e7a-feira (14\/10) o sindicato nacional esteve presente na atividade da Frente Parlamentar Mista em Defesa do Servi\u00e7o P\u00fablico, realizada no Audit\u00f3rio Nereu Ramos, da C\u00e2mara dos Deputados. A atividade, uma reuni\u00e3o conjunta das comiss\u00f5es de Finan\u00e7as e Tributa\u00e7\u00e3o e de Administra\u00e7\u00e3o e<\/p>\n","protected":false},"author":7,"featured_media":7739,"comment_status":"open","ping_status":"open","sticky":false,"template":"","format":"standard","meta":{"footnotes":""},"categories":[44],"tags":[],"class_list":{"0":"post-7738","1":"post","2":"type-post","3":"status-publish","4":"format-standard","5":"has-post-thumbnail","7":"category-reforma-administrativa"},"_links":{"self":[{"href":"https:\/\/sinasefesm.com\/index.php\/wp-json\/wp\/v2\/posts\/7738","targetHints":{"allow":["GET"]}}],"collection":[{"href":"https:\/\/sinasefesm.com\/index.php\/wp-json\/wp\/v2\/posts"}],"about":[{"href":"https:\/\/sinasefesm.com\/index.php\/wp-json\/wp\/v2\/types\/post"}],"author":[{"embeddable":true,"href":"https:\/\/sinasefesm.com\/index.php\/wp-json\/wp\/v2\/users\/7"}],"replies":[{"embeddable":true,"href":"https:\/\/sinasefesm.com\/index.php\/wp-json\/wp\/v2\/comments?post=7738"}],"version-history":[{"count":1,"href":"https:\/\/sinasefesm.com\/index.php\/wp-json\/wp\/v2\/posts\/7738\/revisions"}],"predecessor-version":[{"id":7741,"href":"https:\/\/sinasefesm.com\/index.php\/wp-json\/wp\/v2\/posts\/7738\/revisions\/7741"}],"wp:featuredmedia":[{"embeddable":true,"href":"https:\/\/sinasefesm.com\/index.php\/wp-json\/wp\/v2\/media\/7739"}],"wp:attachment":[{"href":"https:\/\/sinasefesm.com\/index.php\/wp-json\/wp\/v2\/media?parent=7738"}],"wp:term":[{"taxonomy":"category","embeddable":true,"href":"https:\/\/sinasefesm.com\/index.php\/wp-json\/wp\/v2\/categories?post=7738"},{"taxonomy":"post_tag","embeddable":true,"href":"https:\/\/sinasefesm.com\/index.php\/wp-json\/wp\/v2\/tags?post=7738"}],"curies":[{"name":"wp","href":"https:\/\/api.w.org\/{rel}","templated":true}]}}