{"id":7742,"date":"2025-10-16T15:02:23","date_gmt":"2025-10-16T18:02:23","guid":{"rendered":"https:\/\/sinasefesm.com\/?p=7742"},"modified":"2025-10-16T20:37:12","modified_gmt":"2025-10-16T23:37:12","slug":"nova-gestao-do-sinasefe-sm-assume-confraternizando-com-a-comunidade","status":"publish","type":"post","link":"https:\/\/sinasefesm.com\/index.php\/2025\/10\/16\/nova-gestao-do-sinasefe-sm-assume-confraternizando-com-a-comunidade\/","title":{"rendered":"Nova gest\u00e3o do Sinasefe SM assume confraternizando com a comunidade"},"content":{"rendered":"\n<p>Em um clima festivo com a presen\u00e7a de sindicalizados, entidades sindicais e autoridades da UFSM, tomou posse perante a comunidade na tarde desta quarta, 15 de outubro (Dia do Professor e da Professora), a nova diretoria do Sinasefe Santa Maria. O evento, que ocorreu no Audit\u00f3rio do SAB (pr\u00e9dio 5E, no Ctism, UFSM), teve tamb\u00e9m a finalidade de empossar integrantes do Conselho Fiscal. O grupo j\u00e1 havia assumido, legalmente, no dia 16 de setembro para um mandato de dois anos.<\/p>\n\n\n\n<p>A abertura das atividades se deu atrav\u00e9s de emocionante apresenta\u00e7\u00e3o do m\u00fasico Guilherme Kolinski, aluno do 3\u00ba ano do Curso Integrado em T\u00e9cnico de Inform\u00e1tica para Internet, que funciona no Col\u00e9gio T\u00e9cnico Industrial (CTISM-UFSM).<\/p>\n\n\n\n<p>A confraterniza\u00e7\u00e3o contou com a manifesta\u00e7\u00f5es de quem deixava a coordena\u00e7\u00e3o-geral e as falas de quem assumia as novas fun\u00e7\u00f5es. Esses momentos, somados ao coquetel de boas-vindas, foram prestigiados por integrantes da assessoria jur\u00eddica (Wagner Advogados Associados), filiados e filiadas ao sindicato, representantes de outras se\u00e7\u00f5es sindicais, tais como Atens, Assufsm, Sindiserf\/RS, Sinprosm e Cpers.<\/p>\n\n\n\n<p>Participaram tamb\u00e9m dessas atividades Marcelo Freitas da Silva e Guilherme Pinheiro, respectivamente coordenador e diretor de ensino da CEBTT (Coordenadoria de Educa\u00e7\u00e3o B\u00e1sica, T\u00e9cnica e Tecnol\u00f3gica), Moacir Bolzan, vice-diretor do Col\u00e9gio Polit\u00e9cnico de Santa Maria e Davis Garlet, diretor de ensino do Col\u00e9gio Polit\u00e9cnico.<\/p>\n\n\n\n<p>Na sequ\u00eancia, houve a realiza\u00e7\u00e3o de uma assembleia para autorizar o sindicato a encaminhar a\u00e7\u00f5es judiciais e uma palestra do advogado Heverton Padilha, cujo objetivo foi problematizar o projeto de Reforma Administrativa em debate na C\u00e2mara Federal. (<em>Os detalhes sobre a assembleia e o tema da palestra divulgaremos em breve<\/em>).<\/p>\n\n\n\n<figure class=\"wp-block-image size-large is-resized\"><img fetchpriority=\"high\" decoding=\"async\" width=\"1024\" height=\"683\" src=\"https:\/\/sinasefesm.com\/wp-content\/uploads\/2025\/10\/Triunvirato-2-1024x683.jpg\" alt=\"\" class=\"wp-image-7744\" style=\"width:456px;height:auto\" srcset=\"https:\/\/sinasefesm.com\/wp-content\/uploads\/2025\/10\/Triunvirato-2-1024x683.jpg 1024w, https:\/\/sinasefesm.com\/wp-content\/uploads\/2025\/10\/Triunvirato-2-300x200.jpg 300w, https:\/\/sinasefesm.com\/wp-content\/uploads\/2025\/10\/Triunvirato-2-768x512.jpg 768w, https:\/\/sinasefesm.com\/wp-content\/uploads\/2025\/10\/Triunvirato-2-1536x1024.jpg 1536w, https:\/\/sinasefesm.com\/wp-content\/uploads\/2025\/10\/Triunvirato-2-150x100.jpg 150w, https:\/\/sinasefesm.com\/wp-content\/uploads\/2025\/10\/Triunvirato-2-450x300.jpg 450w, https:\/\/sinasefesm.com\/wp-content\/uploads\/2025\/10\/Triunvirato-2-1200x800.jpg 1200w, https:\/\/sinasefesm.com\/wp-content\/uploads\/2025\/10\/Triunvirato-2.jpg 1900w\" sizes=\"(max-width: 1024px) 100vw, 1024px\" \/><\/figure>\n\n\n\n<p><strong>Acompanhe abaixo algumas das propostas da diretoria, que seguir\u00e3o em debate para aprimoramento com a base da categoria:<\/strong><\/p>\n\n\n\n<p>\u2013 Realizar reuni\u00f5es regulares com pautas definidas e compartilhadas antecipadamente;<\/p>\n\n\n\n<p>\u2013 Promover atividades de forma\u00e7\u00e3o sindical de servidores\/as;<\/p>\n\n\n\n<p>\u2013 Promover apoio e fortalecimento do GT de Pol\u00edticas Educacionais;<\/p>\n\n\n\n<p>\u2013 Atender \u00e0s demandas peculiares da base \u2013 Col\u00e9gio Militar de Santa Maria (CMSM), Unidade de Educa\u00e7\u00e3o Infantil Ip\u00ea Amarelo, Col\u00e9gio T\u00e9cnico Industrial (CTISM), Col\u00e9gio Polit\u00e9cnico, Unidade do IFF em Jaguari, atrav\u00e9s da realiza\u00e7\u00e3o de reuni\u00f5es e assembleias nas diferentes unidades;<\/p>\n\n\n\n<p>\u2013 Manuten\u00e7\u00e3o da assessoria jur\u00eddica, com plant\u00f5es jur\u00eddicos mensais e atividades como encontros e palestras com os associados;<\/p>\n\n\n\n<p>\u2013 Realizar assembleias com o objetivo de deliberar sobre as a\u00e7\u00f5es judiciais em curso;<\/p>\n\n\n\n<p>\u2013 Fortalecimento da comunica\u00e7\u00e3o do sindicato;<\/p>\n\n\n\n<p>\u2013 Fortalecimento das pautas em defesa das minorias e da diversidade;<\/p>\n\n\n\n<p>\u2013 Participar dos eventos do Sinasefe em n\u00edvel regional e nacional;<\/p>\n\n\n\n<p>\u2013&nbsp; Amplia\u00e7\u00e3o debate com o sindicato nacional dentro das pautas e lutas em curso;<\/p>\n\n\n\n<p>\u2013 Fortalecimento das lutas;<\/p>\n\n\n\n<p>\u2013 Organizar a se\u00e7\u00e3o para torn\u00e1-la adequada para encontros;<\/p>\n\n\n\n<p>\u2013 Atender a demandas contingenciais da base, com busca por conv\u00eanios, comemora\u00e7\u00f5es de datas festivas como dia dos servidores p\u00fablicos, dia dos professores, anivers\u00e1rios de associados\/as;<\/p>\n\n\n\n<p>\u2013 Permanente campanha de sindicaliza\u00e7\u00e3o;<\/p>\n\n\n\n<p>&#8211; Buscar conv\u00eanios a partir da confec\u00e7\u00e3o de uma carteira;<\/p>\n\n\n\n<p>\u2013 Buscar alternativas para fortalecer a luta sindical do Ensino B\u00e1sico, T\u00e9cnico e Tecnol\u00f3gico no \u00e2mbito de Santa Maria;<\/p>\n\n\n\n<p>&#8211; Produzir e divulgar calend\u00e1rio mensal de atividades.<\/p>\n\n\n\n<figure class=\"wp-block-image size-large is-resized\"><img decoding=\"async\" width=\"1024\" height=\"683\" src=\"https:\/\/sinasefesm.com\/wp-content\/uploads\/2025\/10\/03-1024x683.jpg\" alt=\"\" class=\"wp-image-7745\" style=\"width:507px;height:auto\" srcset=\"https:\/\/sinasefesm.com\/wp-content\/uploads\/2025\/10\/03-1024x683.jpg 1024w, https:\/\/sinasefesm.com\/wp-content\/uploads\/2025\/10\/03-300x200.jpg 300w, https:\/\/sinasefesm.com\/wp-content\/uploads\/2025\/10\/03-768x512.jpg 768w, https:\/\/sinasefesm.com\/wp-content\/uploads\/2025\/10\/03-1536x1024.jpg 1536w, https:\/\/sinasefesm.com\/wp-content\/uploads\/2025\/10\/03-150x100.jpg 150w, https:\/\/sinasefesm.com\/wp-content\/uploads\/2025\/10\/03-450x300.jpg 450w, https:\/\/sinasefesm.com\/wp-content\/uploads\/2025\/10\/03-1200x800.jpg 1200w, https:\/\/sinasefesm.com\/wp-content\/uploads\/2025\/10\/03.jpg 1900w\" sizes=\"(max-width: 1024px) 100vw, 1024px\" \/><\/figure>\n\n\n\n<p><strong>Abaixo, confira a nominata completa da diretoria (bi\u00eanio 2025-2027) e nomes de integrantes do Conselho Fiscal.<\/strong><\/p>\n\n\n\n<p>Coordenador(a) geral: Ad\u00e3o Ant\u00f4nio Pillar Damasceno<\/p>\n\n\n\n<p>Coordenador(a) geral: Cl\u00e1udia Let\u00edcia de Castro do Amaral<\/p>\n\n\n\n<p>Coordenador(a) geral: Jane Aparecida Flor\u00eancio<\/p>\n\n\n\n<p>Secret\u00e1rio(a) de Carreira e Rela\u00e7\u00e3o de Trabalho: Mariglei Severo Maraschin<\/p>\n\n\n\n<p>Secret\u00e1rio(a) de Carreira e Rela\u00e7\u00e3o de Trabalho: Cassiana Marques da Silva<\/p>\n\n\n\n<p>Secret\u00e1rio(a) geral: Deise Redin Mack<\/p>\n\n\n\n<p>Tesoureiro(a) geral: Eduardo Alves Oliveira<\/p>\n\n\n\n<p>Primeiro(a) Tesoureiro(a): Cl\u00e1udio Renato Schlessner Kelling<\/p>\n\n\n\n<p>Secret\u00e1rio(a) de Administra\u00e7\u00e3o: Lidiane Barroso<\/p>\n\n\n\n<p>Secret\u00e1rio(a) de Aposentados(as): Milton M\u00e1ximo Ferrari<\/p>\n\n\n\n<p>Secret\u00e1rio (a) de Comunica\u00e7\u00e3o e Forma\u00e7\u00e3o Pol\u00edtica e Sindical: Miriane Costa Fonseca<\/p>\n\n\n\n<p>Secret\u00e1rio (a) de Assuntos Legislativos e Jur\u00eddicos: Jos\u00e9 Ab\u00edlio Lima de Freitas<\/p>\n\n\n\n<p>Secret\u00e1rio (a) de Pessoal: Rodrigo Buske.<\/p>\n\n\n\n<figure class=\"wp-block-image size-large is-resized\"><img decoding=\"async\" width=\"1024\" height=\"683\" src=\"https:\/\/sinasefesm.com\/wp-content\/uploads\/2025\/10\/02-1024x683.jpg\" alt=\"\" class=\"wp-image-7746\" style=\"width:582px;height:auto\" srcset=\"https:\/\/sinasefesm.com\/wp-content\/uploads\/2025\/10\/02-1024x683.jpg 1024w, https:\/\/sinasefesm.com\/wp-content\/uploads\/2025\/10\/02-300x200.jpg 300w, https:\/\/sinasefesm.com\/wp-content\/uploads\/2025\/10\/02-768x512.jpg 768w, https:\/\/sinasefesm.com\/wp-content\/uploads\/2025\/10\/02-1536x1024.jpg 1536w, https:\/\/sinasefesm.com\/wp-content\/uploads\/2025\/10\/02-150x100.jpg 150w, https:\/\/sinasefesm.com\/wp-content\/uploads\/2025\/10\/02-450x300.jpg 450w, https:\/\/sinasefesm.com\/wp-content\/uploads\/2025\/10\/02-1200x800.jpg 1200w, https:\/\/sinasefesm.com\/wp-content\/uploads\/2025\/10\/02.jpg 1900w\" sizes=\"(max-width: 1024px) 100vw, 1024px\" \/><\/figure>\n\n\n\n<p><em>J\u00e1 o Conselho Fiscal ficou composto pelos seguintes nomes<\/em>: Adriana Silveira Bonum\u00e1 Bortolini; Alejandro Lescano Schwarzkopf; Claudio Rodrigues do Nascimento; Roselene Pommer.<\/p>\n\n\n\n<p><em>Texto: Fritz Rivail<br>Fotos: Renato Seerig<\/em><\/p>\n","protected":false},"excerpt":{"rendered":"<p>Em um clima festivo com a presen\u00e7a de sindicalizados, entidades sindicais e autoridades da UFSM, tomou posse perante a comunidade na tarde desta quarta, 15 de outubro (Dia do Professor e da Professora), a nova diretoria do Sinasefe Santa Maria. O evento, que ocorreu no Audit\u00f3rio do SAB (pr\u00e9dio 5E, no Ctism, UFSM), teve tamb\u00e9m<\/p>\n","protected":false},"author":7,"featured_media":7743,"comment_status":"open","ping_status":"open","sticky":false,"template":"","format":"standard","meta":{"footnotes":""},"categories":[45],"tags":[],"class_list":{"0":"post-7742","1":"post","2":"type-post","3":"status-publish","4":"format-standard","5":"has-post-thumbnail","7":"category-sindicato"},"_links":{"self":[{"href":"https:\/\/sinasefesm.com\/index.php\/wp-json\/wp\/v2\/posts\/7742","targetHints":{"allow":["GET"]}}],"collection":[{"href":"https:\/\/sinasefesm.com\/index.php\/wp-json\/wp\/v2\/posts"}],"about":[{"href":"https:\/\/sinasefesm.com\/index.php\/wp-json\/wp\/v2\/types\/post"}],"author":[{"embeddable":true,"href":"https:\/\/sinasefesm.com\/index.php\/wp-json\/wp\/v2\/users\/7"}],"replies":[{"embeddable":true,"href":"https:\/\/sinasefesm.com\/index.php\/wp-json\/wp\/v2\/comments?post=7742"}],"version-history":[{"count":3,"href":"https:\/\/sinasefesm.com\/index.php\/wp-json\/wp\/v2\/posts\/7742\/revisions"}],"predecessor-version":[{"id":7751,"href":"https:\/\/sinasefesm.com\/index.php\/wp-json\/wp\/v2\/posts\/7742\/revisions\/7751"}],"wp:featuredmedia":[{"embeddable":true,"href":"https:\/\/sinasefesm.com\/index.php\/wp-json\/wp\/v2\/media\/7743"}],"wp:attachment":[{"href":"https:\/\/sinasefesm.com\/index.php\/wp-json\/wp\/v2\/media?parent=7742"}],"wp:term":[{"taxonomy":"category","embeddable":true,"href":"https:\/\/sinasefesm.com\/index.php\/wp-json\/wp\/v2\/categories?post=7742"},{"taxonomy":"post_tag","embeddable":true,"href":"https:\/\/sinasefesm.com\/index.php\/wp-json\/wp\/v2\/tags?post=7742"}],"curies":[{"name":"wp","href":"https:\/\/api.w.org\/{rel}","templated":true}]}}