{"id":7766,"date":"2025-10-21T13:55:33","date_gmt":"2025-10-21T16:55:33","guid":{"rendered":"https:\/\/sinasefesm.com\/?p=7766"},"modified":"2025-10-21T13:55:53","modified_gmt":"2025-10-21T16:55:53","slug":"mgi-convocou-reuniao-de-mesa-central-de-negociacao-para-esta-quarta-22","status":"publish","type":"post","link":"https:\/\/sinasefesm.com\/index.php\/2025\/10\/21\/mgi-convocou-reuniao-de-mesa-central-de-negociacao-para-esta-quarta-22\/","title":{"rendered":"MGI convocou reuni\u00e3o da mesa central de negocia\u00e7\u00e3o para esta quarta, 22"},"content":{"rendered":"\n<p>A 12\u00aa reuni\u00e3o da Mesa Central da Mesa Nacional de Negocia\u00e7\u00e3o Permanente (MNNP) \u2013 a 3\u00aa realizada em 2025 \u2013 foi convocada para esta quarta, 22 de outubro, \u00e0s 14h30min, em Bras\u00edlia-DF.<\/p>\n\n\n\n<p>A atividade ocorrer\u00e1 novamente em atraso, conforme consta no pr\u00f3prio&nbsp;<a href=\"https:\/\/sinasefe.org.br\/site\/negociacoes-sindicato-assina-protocolo-de-funcionamento-de-negociacoes-com-governo-federal\" target=\"_blank\" rel=\"noreferrer noopener\">Regimento Interno da MNNP<\/a>.<\/p>\n\n\n\n<p>A 10\u00aa reuni\u00e3o da Mesa Central (1\u00aa deste ano)\u00a0<a href=\"https:\/\/sinasefe.org.br\/site\/informe-da-mesa-nacional-de-negociacao-permanente-de-20-02\" target=\"_blank\" rel=\"noreferrer noopener\">ocorreu no dia 20 de fevereiro<\/a>, quando o Sinasefe, o Fonasefe, o\u00a0<a href=\"https:\/\/fonacate.org.br\/\" target=\"_blank\" rel=\"noreferrer noopener\">Fonacate<\/a>\u00a0e as Centrais Sindicais apresentaram as reivindica\u00e7\u00f5es do conjunto dos servidores p\u00fablicos federais, dentre elas a implementa\u00e7\u00e3o do aux\u00edlio-nutri\u00e7\u00e3o para aposentados e pensionistas e a isonomia dos benef\u00edcios dos aux\u00edlios entre o Executivo, Legislativo e Judici\u00e1rio.<\/p>\n\n\n\n<p>A 11\u00aa reuni\u00e3o da Mesa Central (2\u00aa deste ano)\u00a0<a href=\"https:\/\/sinasefe.org.br\/site\/informe-da-mesa-nacional-de-negociacao-permanente-de-12-06\" target=\"_blank\" rel=\"noreferrer noopener\">ocorreu no dia 12 de junho<\/a>, em que novamente Sinasefe, Fonasefe, Fonacate e Centrais Sindicais estiveram presentes e cobraram uma resposta da pauta de reivindica\u00e7\u00f5es que tinha sido apresentada, com prioridade \u00e0s demandas de equipara\u00e7\u00e3o de aux\u00edlios\/benef\u00edcios entre os Tr\u00eas Poderes e tamb\u00e9m para a cria\u00e7\u00e3o do aux\u00edlio-nutri\u00e7\u00e3o para aposentados e pensionistas \u2013 n\u00e3o havendo, infelizmente, um retorno por parte do Governo Lula.<\/p>\n\n\n\n<p>O Sinasefe e as demais entidades tamb\u00e9m cobraram, na reuni\u00e3o de 12\/06, solu\u00e7\u00f5es visando o cumprimento dos\u00a0<a href=\"https:\/\/sinasefe.org.br\/site\/sinasefe-assina-acordos-e-categoria-retoma-atividades-ate-03-07\" target=\"_blank\" rel=\"noreferrer noopener\">Termos de Acordo<\/a>\u00a0<a href=\"https:\/\/sinasefe.org.br\/site\/download\/termo-de-acordo-no-10-greve-2024-reestruturacao-do-pccmf-ebtt\" target=\"_blank\" rel=\"noreferrer noopener\">n\u00ba 10\/2024<\/a>\u00a0e\u00a0<a href=\"https:\/\/sinasefe.org.br\/site\/download\/termo-de-acordo-no-11-greve-2024-reestruturacao-do-pcctae\" target=\"_blank\" rel=\"noreferrer noopener\">n\u00ba 11\/2024<\/a>\u00a0(<a href=\"https:\/\/sinasefe.org.br\/site\/sinasefe-assina-acordos-e-categoria-retoma-atividades-ate-03-07\" target=\"_blank\" rel=\"noreferrer noopener\">assinados<\/a>\u00a0na suspens\u00e3o da\u00a0<a href=\"https:\/\/sinasefe.org.br\/site\/greve-2024\" target=\"_blank\" rel=\"noreferrer noopener\">greve do ano passado<\/a>) e uma posi\u00e7\u00e3o contundente do Poder Executivo contra a\u00a0<a href=\"https:\/\/sinasefe.org.br\/site\/reforma-administrativa\" target=\"_blank\" rel=\"noreferrer noopener\">Reforma Administrativa<\/a>\u00a0(o que, at\u00e9 o momento, n\u00e3o aconteceu).<\/p>\n\n\n\n<p>O Sinasefe seguir\u00e1 pressionando pelo cumprimento dos itens dos Termos de Acordo da\u00a0<a href=\"https:\/\/sinasefe.org.br\/site\/greve-2024\" target=\"_blank\" rel=\"noreferrer noopener\">Greve de 2024<\/a>\u00a0e contra a\u00a0<a href=\"https:\/\/sinasefe.org.br\/site\/reforma-administrativa\" target=\"_blank\" rel=\"noreferrer noopener\">Reforma Administrativa<\/a>\u00a0na pr\u00f3xima reuni\u00e3o da Mesa Central da MNNP.<\/p>\n\n\n\n<p><em>Fonte e imagem: Sinasefe Nacional<\/em><\/p>\n","protected":false},"excerpt":{"rendered":"<p>A 12\u00aa reuni\u00e3o da Mesa Central da Mesa Nacional de Negocia\u00e7\u00e3o Permanente (MNNP) \u2013 a 3\u00aa realizada em 2025 \u2013 foi convocada para esta quarta, 22 de outubro, \u00e0s 14h30min, em Bras\u00edlia-DF. A atividade ocorrer\u00e1 novamente em atraso, conforme consta no pr\u00f3prio&nbsp;Regimento Interno da MNNP. A 10\u00aa reuni\u00e3o da Mesa Central (1\u00aa deste ano)\u00a0ocorreu no<\/p>\n","protected":false},"author":7,"featured_media":7767,"comment_status":"open","ping_status":"open","sticky":false,"template":"","format":"standard","meta":{"footnotes":""},"categories":[41],"tags":[],"class_list":{"0":"post-7766","1":"post","2":"type-post","3":"status-publish","4":"format-standard","5":"has-post-thumbnail","7":"category-movimento"},"_links":{"self":[{"href":"https:\/\/sinasefesm.com\/index.php\/wp-json\/wp\/v2\/posts\/7766","targetHints":{"allow":["GET"]}}],"collection":[{"href":"https:\/\/sinasefesm.com\/index.php\/wp-json\/wp\/v2\/posts"}],"about":[{"href":"https:\/\/sinasefesm.com\/index.php\/wp-json\/wp\/v2\/types\/post"}],"author":[{"embeddable":true,"href":"https:\/\/sinasefesm.com\/index.php\/wp-json\/wp\/v2\/users\/7"}],"replies":[{"embeddable":true,"href":"https:\/\/sinasefesm.com\/index.php\/wp-json\/wp\/v2\/comments?post=7766"}],"version-history":[{"count":2,"href":"https:\/\/sinasefesm.com\/index.php\/wp-json\/wp\/v2\/posts\/7766\/revisions"}],"predecessor-version":[{"id":7769,"href":"https:\/\/sinasefesm.com\/index.php\/wp-json\/wp\/v2\/posts\/7766\/revisions\/7769"}],"wp:featuredmedia":[{"embeddable":true,"href":"https:\/\/sinasefesm.com\/index.php\/wp-json\/wp\/v2\/media\/7767"}],"wp:attachment":[{"href":"https:\/\/sinasefesm.com\/index.php\/wp-json\/wp\/v2\/media?parent=7766"}],"wp:term":[{"taxonomy":"category","embeddable":true,"href":"https:\/\/sinasefesm.com\/index.php\/wp-json\/wp\/v2\/categories?post=7766"},{"taxonomy":"post_tag","embeddable":true,"href":"https:\/\/sinasefesm.com\/index.php\/wp-json\/wp\/v2\/tags?post=7766"}],"curies":[{"name":"wp","href":"https:\/\/api.w.org\/{rel}","templated":true}]}}