{"id":7770,"date":"2025-10-23T17:58:55","date_gmt":"2025-10-23T20:58:55","guid":{"rendered":"https:\/\/sinasefesm.com\/?p=7770"},"modified":"2025-10-23T18:00:12","modified_gmt":"2025-10-23T21:00:12","slug":"mesa-de-negociacao-mgi-fala-em-reajustar-auxilios-e-em-projeto-sobre-convencao-151-da-oit","status":"publish","type":"post","link":"https:\/\/sinasefesm.com\/index.php\/2025\/10\/23\/mesa-de-negociacao-mgi-fala-em-reajustar-auxilios-e-em-projeto-sobre-convencao-151-da-oit\/","title":{"rendered":"Mesa de Negocia\u00e7\u00e3o: MGI fala em reajustar aux\u00edlios e em projeto sobre conven\u00e7\u00e3o 151 da OIT"},"content":{"rendered":"\n<p>Na tarde desta quarta, 22 de outubro, \u00a0ocorreu a\u00a0<a href=\"https:\/\/sinasefe.org.br\/site\/mgi-convoca-reuniao-da-mesa-central-da-mnnp-para-22-10\" target=\"_blank\" rel=\"noreferrer noopener\">12\u00aa reuni\u00e3o da Mesa Central<\/a>\u00a0da\u00a0<a href=\"https:\/\/sinasefe.org.br\/site\/negociacoes-sindicato-assina-protocolo-de-funcionamento-de-negociacoes-com-governo-federal\" target=\"_blank\" rel=\"noreferrer noopener\">Mesa Nacional de Negocia\u00e7\u00e3o Permanente<\/a>\u00a0(MNNP), que aconteceu presencialmente em Bras\u00edlia-DF, no anexo do bloco F da Esplanada dos Minist\u00e9rios.<\/p>\n\n\n\n<p>A reuni\u00e3o contou com a participa\u00e7\u00e3o de entidades do&nbsp;<a href=\"https:\/\/fonasefe.org\/\" target=\"_blank\" rel=\"noreferrer noopener\">Fonasefe<\/a>&nbsp;(dentre elas, o Sinasefe), de entidades do&nbsp;<a href=\"https:\/\/fonacate.org.br\/\" target=\"_blank\" rel=\"noreferrer noopener\">Fonacate<\/a>&nbsp;e de Centrais Sindicais, que foram recebidas pelos representantes do Minist\u00e9rio da Gest\u00e3o e da Inova\u00e7\u00e3o em Servi\u00e7os P\u00fablicos (MGI).<\/p>\n\n\n\n<p>A reuni\u00e3o foi convocada pelo MGI sem pauta espec\u00edfica. Dentre os temas que acabaram sendo debatidos estavam a equipara\u00e7\u00e3o de aux\u00edlios e benef\u00edcios entre os Tr\u00eas Poderes (Executivo, Legislativo e Judici\u00e1rio), o aux\u00edlio-nutri\u00e7\u00e3o para aposentados e a regulamenta\u00e7\u00e3o da Conven\u00e7\u00e3o 151 da Organiza\u00e7\u00e3o Internacional do Trabalho (OIT).<\/p>\n\n\n\n<p>Do lado de fora da reuni\u00e3o, as entidades classistas representativas dos Servidores P\u00fablicos Federais (SPFs) realizaram uma vig\u00edlia simb\u00f3lica para cobrar as pautas das categorias ao Governo Lula.<\/p>\n\n\n\n<p>Sobre o reajuste dos benef\u00edcios, o governo apresentou proposta de valores de R$ 1.175,00 em dezembro de 2025 e R$ 1.200,00 em 2026 no aux\u00edlio alimenta\u00e7\u00e3o, e aplica\u00e7\u00e3o do IPCA nos aux\u00edlios-creche e sa\u00fade a partir de abril de 2026. Segundo o MGI, essa \u00e9 a proposta final, e as entidades t\u00eam at\u00e9 6 de novembro para assinar o termo de compromisso.<\/p>\n\n\n\n<p><strong>Reforma Administrativa<\/strong><\/p>\n\n\n\n<p>Em rela\u00e7\u00e3o ao tema da Reforma Administrativa, ele foi apresentado pelo secret\u00e1rio de Gest\u00e3o de Pessoas do MGI, Jos\u00e9 Celso Cardoso, que tratou da posi\u00e7\u00e3o do governo e das estrat\u00e9gias de di\u00e1logo sobre o tema.<\/p>\n\n\n\n<p>Ele afirmou que o governo n\u00e3o tem uma posi\u00e7\u00e3o \u201cbin\u00e1ria\u201d de ser contra ou a favor, destacando que a PEC ainda n\u00e3o foi formalmente protocolada e que o Executivo atua em uma coaliz\u00e3o.<\/p>\n\n\n\n<p>Segundo Cardoso, o governo est\u00e1 disposto a evitar retrocessos e a influenciar o desenho final da proposta. Refor\u00e7ou&nbsp;ainda que as a\u00e7\u00f5es de \u201ctransforma\u00e7\u00e3o do Estado\u201d do MGI t\u00eam car\u00e1ter infraconstitucional e incremental, voltadas \u00e0 transforma\u00e7\u00e3o digital, reorganiza\u00e7\u00e3o administrativa e gest\u00e3o de pessoas, com medidas que se diferenciam das adotadas pelo Congresso, de vi\u00e9s fiscalista, punitivista e liberal.<\/p>\n\n\n\n<p><strong>Conven\u00e7\u00e3o 151 da OIT<\/strong><\/p>\n\n\n\n<p>O secret\u00e1rio de Rela\u00e7\u00f5es do Trabalho, Jos\u00e9 Lopez&nbsp;Feij\u00f3o, informou durante a reuni\u00e3o que o governo ainda n\u00e3o apresentar\u00e1 o texto do Projeto de Lei sobre a Conven\u00e7\u00e3o 151 da Organiza\u00e7\u00e3o Internacional do Trabalho (OIT), mas o conte\u00fado que dever\u00e1 compor a proposta.<\/p>\n\n\n\n<p>Ele explicou que a inten\u00e7\u00e3o \u00e9 evitar \u201cavan\u00e7os prematuros\u201d e poss\u00edveis ataques antes que o texto chegue ao Congresso. O projeto resulta de um Grupo de Trabalho Interministerial e aborda o direito \u00e0 negocia\u00e7\u00e3o e o direito de greve no servi\u00e7o p\u00fablico.<\/p>\n\n\n\n<p><strong><em>Live<\/em><\/strong><strong>&nbsp;de informe<\/strong><\/p>\n\n\n\n<p>Assista o informe das entidades&nbsp;<a href=\"https:\/\/www.instagram.com\/p\/DQILhuwgDE5\" target=\"_blank\" rel=\"noreferrer noopener\">gravado logo ao final da reuni\u00e3o<\/a>.<\/p>\n\n\n\n<p><em>Texto: Fritz Rivail com informa\u00e7\u00f5es do Sinasefe e Condsef.<br>Foto: Sinasefe Nacional<\/em><\/p>\n","protected":false},"excerpt":{"rendered":"<p>Na tarde desta quarta, 22 de outubro, \u00a0ocorreu a\u00a012\u00aa reuni\u00e3o da Mesa Central\u00a0da\u00a0Mesa Nacional de Negocia\u00e7\u00e3o Permanente\u00a0(MNNP), que aconteceu presencialmente em Bras\u00edlia-DF, no anexo do bloco F da Esplanada dos Minist\u00e9rios. A reuni\u00e3o contou com a participa\u00e7\u00e3o de entidades do&nbsp;Fonasefe&nbsp;(dentre elas, o Sinasefe), de entidades do&nbsp;Fonacate&nbsp;e de Centrais Sindicais, que foram recebidas pelos representantes do<\/p>\n","protected":false},"author":7,"featured_media":7771,"comment_status":"open","ping_status":"open","sticky":false,"template":"","format":"standard","meta":{"footnotes":""},"categories":[45],"tags":[],"class_list":{"0":"post-7770","1":"post","2":"type-post","3":"status-publish","4":"format-standard","5":"has-post-thumbnail","7":"category-sindicato"},"_links":{"self":[{"href":"https:\/\/sinasefesm.com\/index.php\/wp-json\/wp\/v2\/posts\/7770","targetHints":{"allow":["GET"]}}],"collection":[{"href":"https:\/\/sinasefesm.com\/index.php\/wp-json\/wp\/v2\/posts"}],"about":[{"href":"https:\/\/sinasefesm.com\/index.php\/wp-json\/wp\/v2\/types\/post"}],"author":[{"embeddable":true,"href":"https:\/\/sinasefesm.com\/index.php\/wp-json\/wp\/v2\/users\/7"}],"replies":[{"embeddable":true,"href":"https:\/\/sinasefesm.com\/index.php\/wp-json\/wp\/v2\/comments?post=7770"}],"version-history":[{"count":2,"href":"https:\/\/sinasefesm.com\/index.php\/wp-json\/wp\/v2\/posts\/7770\/revisions"}],"predecessor-version":[{"id":7773,"href":"https:\/\/sinasefesm.com\/index.php\/wp-json\/wp\/v2\/posts\/7770\/revisions\/7773"}],"wp:featuredmedia":[{"embeddable":true,"href":"https:\/\/sinasefesm.com\/index.php\/wp-json\/wp\/v2\/media\/7771"}],"wp:attachment":[{"href":"https:\/\/sinasefesm.com\/index.php\/wp-json\/wp\/v2\/media?parent=7770"}],"wp:term":[{"taxonomy":"category","embeddable":true,"href":"https:\/\/sinasefesm.com\/index.php\/wp-json\/wp\/v2\/categories?post=7770"},{"taxonomy":"post_tag","embeddable":true,"href":"https:\/\/sinasefesm.com\/index.php\/wp-json\/wp\/v2\/tags?post=7770"}],"curies":[{"name":"wp","href":"https:\/\/api.w.org\/{rel}","templated":true}]}}