{"id":7775,"date":"2025-10-30T18:58:20","date_gmt":"2025-10-30T21:58:20","guid":{"rendered":"https:\/\/sinasefesm.com\/?p=7775"},"modified":"2025-10-30T18:58:20","modified_gmt":"2025-10-30T21:58:20","slug":"marcha-em-brasilia-pressiona-contra-reforma-administrativa","status":"publish","type":"post","link":"https:\/\/sinasefesm.com\/index.php\/2025\/10\/30\/marcha-em-brasilia-pressiona-contra-reforma-administrativa\/","title":{"rendered":"Marcha em Bras\u00edlia pressiona contra Reforma Administrativa"},"content":{"rendered":"\n<p>Mobilizada h\u00e1 meses, a categoria de trabalhadoras(es) da Rede Federal de Educa\u00e7\u00e3o refor\u00e7ou seu recha\u00e7o \u00e0 Reforma Administrativa nesta semana. Em manifesta\u00e7\u00f5es realizadas na ter\u00e7a (28\/10) e quarta (29\/10), milhares de servidoras(es) paralisaram suas atividades e foram \u00e0s ruas, tanto nos estados quanto na capital federal. Organizadas(os) no Sinasefe, elas(es) exigem o cumprimento total dos acordos da greve de 2024 e denunciam que a PEC 38\/2025 \u00e9 uma tentativa de demoli\u00e7\u00e3o dos servi\u00e7os p\u00fablicos.<\/p>\n\n\n\n<p>Panfletagens, rodas de conversa, assembleias e manifesta\u00e7\u00f5es de rua se espalharam pelo Brasil para mostrar \u00e0 popula\u00e7\u00e3o que as propostas de Reforma Administrativa, em tramita\u00e7\u00e3o no Congresso Nacional, s\u00e3o verdadeiras tentativas de entregar servi\u00e7os p\u00fablicos para o mercado, ca\u00e7ar direitos das(os) trabalhadoras(es) e prejudicar o povo.<\/p>\n\n\n\n<h3 class=\"wp-block-heading\">PEC 38\/2025<\/h3>\n\n\n\n<p>Sem transpar\u00eancia e sem di\u00e1logo efetivo com a sociedade, 171 deputados protocolaram,\u00a0<a href=\"https:\/\/www.camara.leg.br\/proposicoesWeb\/fichadetramitacao?idProposicao=2576168\" target=\"_blank\" rel=\"noreferrer noopener\">no \u00faltimo dia 24 de outubro<\/a>\u00a0uma Proposta de Emenda \u00e0 Constitui\u00e7\u00e3o (PEC) que tentam vender como &#8220;contra privil\u00e9gios\u201d, mas que na verdade vai precarizar, privatizar e terceirizar os servi\u00e7os p\u00fablicos. Se for aprovada, essa Reforma atacar\u00e1 a estabilidade, as carreiras e o direito do povo aos servi\u00e7os de qualidade.\u00a0<a href=\"https:\/\/sinasefe.org.br\/site\/dos-mesmos-autores-da-pec-da-bandidagem-vem-ai-a-reforma-administrativa-panfleto-para-download\/\" target=\"_blank\" rel=\"noreferrer noopener\">Veja mais no panfleto do sindicato<\/a>.<\/p>\n\n\n\n<figure class=\"wp-block-image size-large is-resized\"><img fetchpriority=\"high\" decoding=\"async\" width=\"1024\" height=\"768\" src=\"https:\/\/sinasefesm.com\/wp-content\/uploads\/2025\/10\/marcha-29.10-2-1024x768.jpeg\" alt=\"\" class=\"wp-image-7777\" style=\"width:535px;height:auto\" srcset=\"https:\/\/sinasefesm.com\/wp-content\/uploads\/2025\/10\/marcha-29.10-2-1024x768.jpeg 1024w, https:\/\/sinasefesm.com\/wp-content\/uploads\/2025\/10\/marcha-29.10-2-300x225.jpeg 300w, https:\/\/sinasefesm.com\/wp-content\/uploads\/2025\/10\/marcha-29.10-2-768x576.jpeg 768w, https:\/\/sinasefesm.com\/wp-content\/uploads\/2025\/10\/marcha-29.10-2-150x113.jpeg 150w, https:\/\/sinasefesm.com\/wp-content\/uploads\/2025\/10\/marcha-29.10-2-450x338.jpeg 450w, https:\/\/sinasefesm.com\/wp-content\/uploads\/2025\/10\/marcha-29.10-2-1200x900.jpeg 1200w, https:\/\/sinasefesm.com\/wp-content\/uploads\/2025\/10\/marcha-29.10-2.jpeg 1280w\" sizes=\"(max-width: 1024px) 100vw, 1024px\" \/><\/figure>\n\n\n\n<h3 class=\"wp-block-heading\">Mobiliza\u00e7\u00e3o em Bras\u00edlia-DF<\/h3>\n\n\n\n<p>Com a participa\u00e7\u00e3o de servidoras(es) de todas as esferas (federal, estadual e municipal), milhares de pessoas marcharam nas ruas de Bras\u00edlia-DF para refor\u00e7ar a den\u00fancia do car\u00e1ter nefasto da Reforma Administrativa (PEC 38).<\/p>\n\n\n\n<p><em>Fonte e imagens: Sinasefe Nacional<\/em><\/p>\n\n\n\n<p><\/p>\n","protected":false},"excerpt":{"rendered":"<p>Mobilizada h\u00e1 meses, a categoria de trabalhadoras(es) da Rede Federal de Educa\u00e7\u00e3o refor\u00e7ou seu recha\u00e7o \u00e0 Reforma Administrativa nesta semana. Em manifesta\u00e7\u00f5es realizadas na ter\u00e7a (28\/10) e quarta (29\/10), milhares de servidoras(es) paralisaram suas atividades e foram \u00e0s ruas, tanto nos estados quanto na capital federal. Organizadas(os) no Sinasefe, elas(es) exigem o cumprimento total dos<\/p>\n","protected":false},"author":7,"featured_media":7776,"comment_status":"open","ping_status":"open","sticky":false,"template":"","format":"standard","meta":{"footnotes":""},"categories":[44],"tags":[],"class_list":{"0":"post-7775","1":"post","2":"type-post","3":"status-publish","4":"format-standard","5":"has-post-thumbnail","7":"category-reforma-administrativa"},"_links":{"self":[{"href":"https:\/\/sinasefesm.com\/index.php\/wp-json\/wp\/v2\/posts\/7775","targetHints":{"allow":["GET"]}}],"collection":[{"href":"https:\/\/sinasefesm.com\/index.php\/wp-json\/wp\/v2\/posts"}],"about":[{"href":"https:\/\/sinasefesm.com\/index.php\/wp-json\/wp\/v2\/types\/post"}],"author":[{"embeddable":true,"href":"https:\/\/sinasefesm.com\/index.php\/wp-json\/wp\/v2\/users\/7"}],"replies":[{"embeddable":true,"href":"https:\/\/sinasefesm.com\/index.php\/wp-json\/wp\/v2\/comments?post=7775"}],"version-history":[{"count":1,"href":"https:\/\/sinasefesm.com\/index.php\/wp-json\/wp\/v2\/posts\/7775\/revisions"}],"predecessor-version":[{"id":7778,"href":"https:\/\/sinasefesm.com\/index.php\/wp-json\/wp\/v2\/posts\/7775\/revisions\/7778"}],"wp:featuredmedia":[{"embeddable":true,"href":"https:\/\/sinasefesm.com\/index.php\/wp-json\/wp\/v2\/media\/7776"}],"wp:attachment":[{"href":"https:\/\/sinasefesm.com\/index.php\/wp-json\/wp\/v2\/media?parent=7775"}],"wp:term":[{"taxonomy":"category","embeddable":true,"href":"https:\/\/sinasefesm.com\/index.php\/wp-json\/wp\/v2\/categories?post=7775"},{"taxonomy":"post_tag","embeddable":true,"href":"https:\/\/sinasefesm.com\/index.php\/wp-json\/wp\/v2\/tags?post=7775"}],"curies":[{"name":"wp","href":"https:\/\/api.w.org\/{rel}","templated":true}]}}