{"id":7779,"date":"2025-10-30T19:11:52","date_gmt":"2025-10-30T22:11:52","guid":{"rendered":"https:\/\/sinasefesm.com\/?p=7779"},"modified":"2025-10-30T19:18:13","modified_gmt":"2025-10-30T22:18:13","slug":"sinasefe-cobra-mec-e-mgi-por-acordos-de-greve-e-defesa-dos-servicos-publicos","status":"publish","type":"post","link":"https:\/\/sinasefesm.com\/index.php\/2025\/10\/30\/sinasefe-cobra-mec-e-mgi-por-acordos-de-greve-e-defesa-dos-servicos-publicos\/","title":{"rendered":"Sinasefe cobra MEC e MGI por Acordos de Greve e defesa dos servi\u00e7os p\u00fablicos"},"content":{"rendered":"\n<p>O Sinasefe realizou na tarde de quarta-feira (29\/10) atividades de mobiliza\u00e7\u00e3o em Bras\u00edlia-DF contra a\u00a0<a href=\"https:\/\/sinasefe.org.br\/site\/reforma-administrativa\" target=\"_blank\" rel=\"noreferrer noopener\">Reforma Administrativa<\/a>\u00a0(<a href=\"https:\/\/www.camara.leg.br\/proposicoesWeb\/fichadetramitacao?idProposicao=2576168\" target=\"_blank\" rel=\"noreferrer noopener\">PEC 38\/2025<\/a>) e pelo cumprimento dos\u00a0<a href=\"https:\/\/sinasefe.org.br\/site\/sinasefe-assina-acordos-e-categoria-retoma-atividades-ate-03-07\" target=\"_blank\" rel=\"noreferrer noopener\">Termos de Acordo<\/a>\u00a0<a href=\"https:\/\/sinasefe.org.br\/site\/download\/termo-de-acordo-no-10-greve-2024-reestruturacao-do-pccmf-ebtt\" target=\"_blank\" rel=\"noreferrer noopener\">n\u00ba 10\/2024<\/a>\u00a0(para docentes) e\u00a0<a href=\"https:\/\/sinasefe.org.br\/site\/download\/termo-de-acordo-no-11-greve-2024-reestruturacao-do-pcctae\" target=\"_blank\" rel=\"noreferrer noopener\">n\u00ba 11\/2024<\/a>\u00a0(para t\u00e9cnico-administrativos),\u00a0<a href=\"https:\/\/sinasefe.org.br\/site\/sinasefe-assina-acordos-e-categoria-retoma-atividades-ate-03-07\" target=\"_blank\" rel=\"noreferrer noopener\">assinados<\/a>\u00a0na suspens\u00e3o da\u00a0<a href=\"https:\/\/sinasefe.org.br\/site\/greve-2024\" target=\"_blank\" rel=\"noreferrer noopener\">greve do ano passado<\/a>.<\/p>\n\n\n\n<h3 class=\"wp-block-heading\">Ato no MEC<\/h3>\n\n\n\n<p>A primeira atividade foi em frente ao Minist\u00e9rio da Educa\u00e7\u00e3o (MEC), com um ato que come\u00e7ou \u00e0s 14 horas e teve participa\u00e7\u00e3o de centenas de servidores e servidoras.<\/p>\n\n\n\n<p>Os presentes cobraram o cumprimento dos Termos de Acordo n\u00b0 10\/2024 e n\u00b0 11\/2024 e denunciaram os ataques da PEC 38\/2025, cobrando uma posi\u00e7\u00e3o do ministro Camilo Santana sobre esse projeto do Centr\u00e3o e da Direita contra os servidores p\u00fablicos.<\/p>\n\n\n\n<figure class=\"wp-block-image size-large is-resized\"><img fetchpriority=\"high\" decoding=\"async\" width=\"1024\" height=\"683\" src=\"https:\/\/sinasefesm.com\/wp-content\/uploads\/2025\/10\/acordo-de-greve-ato-mec-29.10-1024x683.jpg\" alt=\"\" class=\"wp-image-7781\" style=\"width:564px;height:auto\" srcset=\"https:\/\/sinasefesm.com\/wp-content\/uploads\/2025\/10\/acordo-de-greve-ato-mec-29.10-1024x683.jpg 1024w, https:\/\/sinasefesm.com\/wp-content\/uploads\/2025\/10\/acordo-de-greve-ato-mec-29.10-300x200.jpg 300w, https:\/\/sinasefesm.com\/wp-content\/uploads\/2025\/10\/acordo-de-greve-ato-mec-29.10-768x512.jpg 768w, https:\/\/sinasefesm.com\/wp-content\/uploads\/2025\/10\/acordo-de-greve-ato-mec-29.10-1536x1024.jpg 1536w, https:\/\/sinasefesm.com\/wp-content\/uploads\/2025\/10\/acordo-de-greve-ato-mec-29.10-150x100.jpg 150w, https:\/\/sinasefesm.com\/wp-content\/uploads\/2025\/10\/acordo-de-greve-ato-mec-29.10-450x300.jpg 450w, https:\/\/sinasefesm.com\/wp-content\/uploads\/2025\/10\/acordo-de-greve-ato-mec-29.10-1200x800.jpg 1200w, https:\/\/sinasefesm.com\/wp-content\/uploads\/2025\/10\/acordo-de-greve-ato-mec-29.10.jpg 1800w\" sizes=\"(max-width: 1024px) 100vw, 1024px\" \/><\/figure>\n\n\n\n<p><em>Fonte e imagem: Sinasefe Nacional<\/em><\/p>\n\n\n\n<p><\/p>\n","protected":false},"excerpt":{"rendered":"<p>O Sinasefe realizou na tarde de quarta-feira (29\/10) atividades de mobiliza\u00e7\u00e3o em Bras\u00edlia-DF contra a\u00a0Reforma Administrativa\u00a0(PEC 38\/2025) e pelo cumprimento dos\u00a0Termos de Acordo\u00a0n\u00ba 10\/2024\u00a0(para docentes) e\u00a0n\u00ba 11\/2024\u00a0(para t\u00e9cnico-administrativos),\u00a0assinados\u00a0na suspens\u00e3o da\u00a0greve do ano passado. Ato no MEC A primeira atividade foi em frente ao Minist\u00e9rio da Educa\u00e7\u00e3o (MEC), com um ato que come\u00e7ou \u00e0s 14 horas<\/p>\n","protected":false},"author":7,"featured_media":7780,"comment_status":"open","ping_status":"open","sticky":false,"template":"","format":"standard","meta":{"footnotes":""},"categories":[45],"tags":[],"class_list":{"0":"post-7779","1":"post","2":"type-post","3":"status-publish","4":"format-standard","5":"has-post-thumbnail","7":"category-sindicato"},"_links":{"self":[{"href":"https:\/\/sinasefesm.com\/index.php\/wp-json\/wp\/v2\/posts\/7779","targetHints":{"allow":["GET"]}}],"collection":[{"href":"https:\/\/sinasefesm.com\/index.php\/wp-json\/wp\/v2\/posts"}],"about":[{"href":"https:\/\/sinasefesm.com\/index.php\/wp-json\/wp\/v2\/types\/post"}],"author":[{"embeddable":true,"href":"https:\/\/sinasefesm.com\/index.php\/wp-json\/wp\/v2\/users\/7"}],"replies":[{"embeddable":true,"href":"https:\/\/sinasefesm.com\/index.php\/wp-json\/wp\/v2\/comments?post=7779"}],"version-history":[{"count":2,"href":"https:\/\/sinasefesm.com\/index.php\/wp-json\/wp\/v2\/posts\/7779\/revisions"}],"predecessor-version":[{"id":7783,"href":"https:\/\/sinasefesm.com\/index.php\/wp-json\/wp\/v2\/posts\/7779\/revisions\/7783"}],"wp:featuredmedia":[{"embeddable":true,"href":"https:\/\/sinasefesm.com\/index.php\/wp-json\/wp\/v2\/media\/7780"}],"wp:attachment":[{"href":"https:\/\/sinasefesm.com\/index.php\/wp-json\/wp\/v2\/media?parent=7779"}],"wp:term":[{"taxonomy":"category","embeddable":true,"href":"https:\/\/sinasefesm.com\/index.php\/wp-json\/wp\/v2\/categories?post=7779"},{"taxonomy":"post_tag","embeddable":true,"href":"https:\/\/sinasefesm.com\/index.php\/wp-json\/wp\/v2\/tags?post=7779"}],"curies":[{"name":"wp","href":"https:\/\/api.w.org\/{rel}","templated":true}]}}