{"id":7784,"date":"2025-11-05T18:48:07","date_gmt":"2025-11-05T21:48:07","guid":{"rendered":"https:\/\/sinasefesm.com\/?p=7784"},"modified":"2025-11-05T18:48:07","modified_gmt":"2025-11-05T21:48:07","slug":"pec-38-sindicato-pressiona-parlamentares-em-aeroporto","status":"publish","type":"post","link":"https:\/\/sinasefesm.com\/index.php\/2025\/11\/05\/pec-38-sindicato-pressiona-parlamentares-em-aeroporto\/","title":{"rendered":"PEC 38: sindicato pressiona parlamentares em aeroporto"},"content":{"rendered":"\n<p>Em parceria com outras entidades sindicais, o Sinasefe participou, na manh\u00e3 de ter\u00e7a-feira (04\/11), de uma manifesta\u00e7\u00e3o no Aeroporto de Bras\u00edlia-DF. A manifesta\u00e7\u00e3o ressaltou a import\u00e2ncia da mobiliza\u00e7\u00e3o de todas(os) para enterrar de vez a PEC 38\/2025 (Reforma Administrativa), que ataca profundamente os servi\u00e7os p\u00fablicos.<\/p>\n\n\n\n<p>Em sua&nbsp;<a href=\"https:\/\/www.instagram.com\/sinasefe\/reel\/DQomk2-gFVL\/\" target=\"_blank\" rel=\"noreferrer noopener\">fala na atividade<\/a>, Francisco Freitas, coordenador geral do SINASEFE, refor\u00e7ou que s\u00e3o os interesses do mercado financeiro que pautam os projetos de Reforma Administrativa em curso no Congresso Nacional.&nbsp;<em>\u201c\u00c9 preciso defender os servi\u00e7os p\u00fablicos, passando pelo SUS e pela Rede Federal de Educa\u00e7\u00e3o, servi\u00e7os fundamentais para garantir de verdade os direitos das(os) brasileiras(os)\u201d<\/em>, destacou Freitas.<\/p>\n\n\n\n<p>Alice Pereira, secret\u00e1ria-adjunta de pol\u00edticas educacionais e culturais, tamb\u00e9m&nbsp;<a href=\"https:\/\/www.instagram.com\/sinasefe\/reel\/DQooWlCAE03\/\" target=\"_blank\" rel=\"noreferrer noopener\">enfatizou que o servi\u00e7o p\u00fablico \u00e9 vital para garantir os direitos de todos os brasileiros<\/a>, citando o uso de servi\u00e7os essenciais como o&nbsp;<strong>SUS<\/strong>, a&nbsp;<strong>educa\u00e7\u00e3o p\u00fablica<\/strong>&nbsp;em todos os n\u00edveis, e a prote\u00e7\u00e3o de um&nbsp;<strong>meio ambiente saud\u00e1vel<\/strong>, com floresta em p\u00e9 e ar n\u00e3o polu\u00eddo.&nbsp;<em>\u201cA nossa principal reivindica\u00e7\u00e3o \u00e9 o&nbsp;<strong>investimento<\/strong>&nbsp;e&nbsp;<strong>or\u00e7amento robusto<\/strong>&nbsp;em \u00e1reas como universidades, Institutos Federais e a previd\u00eancia social, lutando pelo direito a uma vida digna e se opondo a uma reforma que ataca a estabilidade, os concursos p\u00fablicos e a gratuidade dos servi\u00e7os\u201d<\/em>, defendeu Alice.<\/p>\n\n\n\n<p>Participaram pelo Sinasefe: Alice Pereira (secret\u00e1ria-adjunta de pol\u00edticas educacionais e culturais), Francisco Freitas (coordenador geral) e Wania Colodetti (plantonista da se\u00e7\u00e3o sindical IFES).<\/p>\n\n\n\n<p><em>Fonte e imagem: Sinasefe Nacional<\/em><\/p>\n","protected":false},"excerpt":{"rendered":"<p>Em parceria com outras entidades sindicais, o Sinasefe participou, na manh\u00e3 de ter\u00e7a-feira (04\/11), de uma manifesta\u00e7\u00e3o no Aeroporto de Bras\u00edlia-DF. A manifesta\u00e7\u00e3o ressaltou a import\u00e2ncia da mobiliza\u00e7\u00e3o de todas(os) para enterrar de vez a PEC 38\/2025 (Reforma Administrativa), que ataca profundamente os servi\u00e7os p\u00fablicos. Em sua&nbsp;fala na atividade, Francisco Freitas, coordenador geral do SINASEFE,<\/p>\n","protected":false},"author":7,"featured_media":7785,"comment_status":"open","ping_status":"open","sticky":false,"template":"","format":"standard","meta":{"footnotes":""},"categories":[41],"tags":[],"class_list":{"0":"post-7784","1":"post","2":"type-post","3":"status-publish","4":"format-standard","5":"has-post-thumbnail","7":"category-movimento"},"_links":{"self":[{"href":"https:\/\/sinasefesm.com\/index.php\/wp-json\/wp\/v2\/posts\/7784","targetHints":{"allow":["GET"]}}],"collection":[{"href":"https:\/\/sinasefesm.com\/index.php\/wp-json\/wp\/v2\/posts"}],"about":[{"href":"https:\/\/sinasefesm.com\/index.php\/wp-json\/wp\/v2\/types\/post"}],"author":[{"embeddable":true,"href":"https:\/\/sinasefesm.com\/index.php\/wp-json\/wp\/v2\/users\/7"}],"replies":[{"embeddable":true,"href":"https:\/\/sinasefesm.com\/index.php\/wp-json\/wp\/v2\/comments?post=7784"}],"version-history":[{"count":1,"href":"https:\/\/sinasefesm.com\/index.php\/wp-json\/wp\/v2\/posts\/7784\/revisions"}],"predecessor-version":[{"id":7786,"href":"https:\/\/sinasefesm.com\/index.php\/wp-json\/wp\/v2\/posts\/7784\/revisions\/7786"}],"wp:featuredmedia":[{"embeddable":true,"href":"https:\/\/sinasefesm.com\/index.php\/wp-json\/wp\/v2\/media\/7785"}],"wp:attachment":[{"href":"https:\/\/sinasefesm.com\/index.php\/wp-json\/wp\/v2\/media?parent=7784"}],"wp:term":[{"taxonomy":"category","embeddable":true,"href":"https:\/\/sinasefesm.com\/index.php\/wp-json\/wp\/v2\/categories?post=7784"},{"taxonomy":"post_tag","embeddable":true,"href":"https:\/\/sinasefesm.com\/index.php\/wp-json\/wp\/v2\/tags?post=7784"}],"curies":[{"name":"wp","href":"https:\/\/api.w.org\/{rel}","templated":true}]}}