{"id":7787,"date":"2025-11-05T18:53:50","date_gmt":"2025-11-05T21:53:50","guid":{"rendered":"https:\/\/sinasefesm.com\/?p=7787"},"modified":"2025-11-05T18:53:51","modified_gmt":"2025-11-05T21:53:51","slug":"sinasefe-questiona-conselho-de-reitores-sobre-pedido-de-reuniao","status":"publish","type":"post","link":"https:\/\/sinasefesm.com\/index.php\/2025\/11\/05\/sinasefe-questiona-conselho-de-reitores-sobre-pedido-de-reuniao\/","title":{"rendered":"Sinasefe questiona conselho de reitores sobre pedido de reuni\u00e3o"},"content":{"rendered":"\n<p>O Sinasefe est\u00e1 insistindo junto ao\u00a0<a href=\"https:\/\/portal.conif.org.br\/\" target=\"_blank\" rel=\"noreferrer noopener\">Conselho Nacional das Institui\u00e7\u00f5es da Rede Federal de Educa\u00e7\u00e3o Profissional, Cient\u00edfica e Tecnol\u00f3gica<\/a>\u00a0(Conif) em um pedido de reuni\u00e3o entre o Conselho de Reitores e o sindicato.<\/p>\n\n\n\n<p>O\u00a0<a href=\"https:\/\/sinasefe.org.br\/site\/download\/oficio-no-214-2025-solicitacao-de-reuniao-com-o-conif\" target=\"_blank\" rel=\"noreferrer noopener\">pedido inicial<\/a>, feito em 13 de agosto (quase tr\u00eas meses atr\u00e1s), por meio do\u00a0<a href=\"https:\/\/sinasefe.org.br\/site\/download\/oficio-no-214-2025-solicitacao-de-reuniao-com-o-conif\" target=\"_blank\" rel=\"noreferrer noopener\">Of\u00edcio n\u00ba 214\/2025<\/a>, n\u00e3o teve resposta, o que fez o sindicato reenviar o mesmo documento na \u00faltima ter\u00e7a-feira (04\/11).<\/p>\n\n\n\n<p>Este reenvio foi feito por&nbsp;<a href=\"https:\/\/sinasefe.org.br\/site\/206a-plena-resumo-do-2o-dia\" target=\"_blank\" rel=\"noreferrer noopener\">delibera\u00e7\u00e3o da 206\u00aa PLENA<\/a>, que questionou a aus\u00eancia de posicionamento do Conif em rela\u00e7\u00e3o a demandas importantes para os servidores da Rede Federal de Educa\u00e7\u00e3o Profissional, Cient\u00edfica e Tecnol\u00f3gica.<\/p>\n\n\n\n<p>O pedido de reuni\u00e3o do Sinasefe chama o Conif \u00e0 mesa para debater sobre cinco itens:<\/p>\n\n\n\n<ol class=\"wp-block-list\">\n<li>reposicionamento na Carreira Docente;<\/li>\n\n\n\n<li>jornada de 30 horas para as e os t\u00e9cnico-administrativos;<\/li>\n\n\n\n<li>Regulamenta\u00e7\u00e3o da Atividade Docente (RAD)<\/li>\n\n\n\n<li>racionaliza\u00e7\u00e3o de cargos ocupados do PCCTAE;<\/li>\n\n\n\n<li>repristina\u00e7\u00e3o (retorno \u00e0 vig\u00eancia de uma lei que havia sido revogada) dos percentuais remunerat\u00f3rios de docentes e das atribui\u00e7\u00f5es dos cargos ocupados do PCCTAE.<\/li>\n<\/ol>\n\n\n\n<p>Estes itens s\u00e3o, tamb\u00e9m, demandas que o sindicato vem debatendo junto ao Governo Federal, como parte das conquistas previstas nos&nbsp;<a href=\"https:\/\/sinasefe.org.br\/site\/sinasefe-assina-acordos-e-categoria-retoma-atividades-ate-03-07\" target=\"_blank\" rel=\"noreferrer noopener\">Termos de Acordo<\/a>&nbsp;<a href=\"https:\/\/sinasefe.org.br\/site\/download\/termo-de-acordo-no-10-greve-2024-reestruturacao-do-pccmf-ebtt\" target=\"_blank\" rel=\"noreferrer noopener\">n\u00ba 10\/2024<\/a>&nbsp;(para docentes) e&nbsp;<a href=\"https:\/\/sinasefe.org.br\/site\/download\/termo-de-acordo-no-11-greve-2024-reestruturacao-do-pcctae\" target=\"_blank\" rel=\"noreferrer noopener\">n\u00ba 11\/2024<\/a>&nbsp;(para t\u00e9cnico-administrativos),&nbsp;<a href=\"https:\/\/sinasefe.org.br\/site\/sinasefe-assina-acordos-e-categoria-retoma-atividades-ate-03-07\" target=\"_blank\" rel=\"noreferrer noopener\">assinados<\/a>&nbsp;na suspens\u00e3o da&nbsp;<a href=\"https:\/\/sinasefe.org.br\/site\/greve-2024\" target=\"_blank\" rel=\"noreferrer noopener\">greve do ano passado<\/a>&nbsp;e ainda sem cumprimento integral pelo Poder Executivo.<\/p>\n\n\n\n<p><em>Fonte e imagem: Sinasefe Nacional<\/em><\/p>\n\n\n\n<p><\/p>\n","protected":false},"excerpt":{"rendered":"<p>O Sinasefe est\u00e1 insistindo junto ao\u00a0Conselho Nacional das Institui\u00e7\u00f5es da Rede Federal de Educa\u00e7\u00e3o Profissional, Cient\u00edfica e Tecnol\u00f3gica\u00a0(Conif) em um pedido de reuni\u00e3o entre o Conselho de Reitores e o sindicato. O\u00a0pedido inicial, feito em 13 de agosto (quase tr\u00eas meses atr\u00e1s), por meio do\u00a0Of\u00edcio n\u00ba 214\/2025, n\u00e3o teve resposta, o que fez o sindicato<\/p>\n","protected":false},"author":7,"featured_media":7788,"comment_status":"open","ping_status":"open","sticky":false,"template":"","format":"standard","meta":{"footnotes":""},"categories":[42],"tags":[],"class_list":{"0":"post-7787","1":"post","2":"type-post","3":"status-publish","4":"format-standard","5":"has-post-thumbnail","7":"category-noticia"},"_links":{"self":[{"href":"https:\/\/sinasefesm.com\/index.php\/wp-json\/wp\/v2\/posts\/7787","targetHints":{"allow":["GET"]}}],"collection":[{"href":"https:\/\/sinasefesm.com\/index.php\/wp-json\/wp\/v2\/posts"}],"about":[{"href":"https:\/\/sinasefesm.com\/index.php\/wp-json\/wp\/v2\/types\/post"}],"author":[{"embeddable":true,"href":"https:\/\/sinasefesm.com\/index.php\/wp-json\/wp\/v2\/users\/7"}],"replies":[{"embeddable":true,"href":"https:\/\/sinasefesm.com\/index.php\/wp-json\/wp\/v2\/comments?post=7787"}],"version-history":[{"count":1,"href":"https:\/\/sinasefesm.com\/index.php\/wp-json\/wp\/v2\/posts\/7787\/revisions"}],"predecessor-version":[{"id":7789,"href":"https:\/\/sinasefesm.com\/index.php\/wp-json\/wp\/v2\/posts\/7787\/revisions\/7789"}],"wp:featuredmedia":[{"embeddable":true,"href":"https:\/\/sinasefesm.com\/index.php\/wp-json\/wp\/v2\/media\/7788"}],"wp:attachment":[{"href":"https:\/\/sinasefesm.com\/index.php\/wp-json\/wp\/v2\/media?parent=7787"}],"wp:term":[{"taxonomy":"category","embeddable":true,"href":"https:\/\/sinasefesm.com\/index.php\/wp-json\/wp\/v2\/categories?post=7787"},{"taxonomy":"post_tag","embeddable":true,"href":"https:\/\/sinasefesm.com\/index.php\/wp-json\/wp\/v2\/tags?post=7787"}],"curies":[{"name":"wp","href":"https:\/\/api.w.org\/{rel}","templated":true}]}}