{"id":7794,"date":"2025-11-07T17:44:29","date_gmt":"2025-11-07T20:44:29","guid":{"rendered":"https:\/\/sinasefesm.com\/?p=7794"},"modified":"2025-11-07T17:44:29","modified_gmt":"2025-11-07T20:44:29","slug":"sindicatos-dialogam-com-ministro-boulos-e-enfatizam-rechaco-a-reforma-administrativa","status":"publish","type":"post","link":"https:\/\/sinasefesm.com\/index.php\/2025\/11\/07\/sindicatos-dialogam-com-ministro-boulos-e-enfatizam-rechaco-a-reforma-administrativa\/","title":{"rendered":"Sindicatos dialogam com ministro Boulos e enfatizam recha\u00e7o \u00e0 Reforma Administrativa"},"content":{"rendered":"\n<p>Aconteceu na tarde desta quinta-feira (06\/11), no Pal\u00e1cio do Planalto, em Bras\u00edlia-DF, uma reuni\u00e3o de entidades sindicais e centrais sindicais com a Secretaria-Geral da Presid\u00eancia da Rep\u00fablica. O tema debatido foi a Reforma Administrativa (PEC 38\/2025), que est\u00e1 em tramita\u00e7\u00e3o na C\u00e2mara Federal sob forte protesto do Sinasefe e de v\u00e1rias entidades classistas do funcionalismo p\u00fablico.<\/p>\n\n\n\n<p>A reuni\u00e3o teve a presen\u00e7a do ministro Guilherme Boulos e contou com a participa\u00e7\u00e3o do Sinasefe, representado no espa\u00e7o por Amaury Garcia (secret\u00e1rio-adjunto de pol\u00edticas para as IFEs ligadas ao Minist\u00e9rio da Defesa).<\/p>\n\n\n\n<p>Guilherme Boulos abriu a reuni\u00e3o informando que&nbsp;<em>\u201co texto que tramita na C\u00e2mara n\u00e3o \u00e9 uma pauta do Governo Lula\u201d<\/em>&nbsp;e que a defesa do servi\u00e7o p\u00fablico e da estabilidade dos servidores ser\u00e1 feita pelo Executivo Federal. A deputada Luciene Cavalcante (PSOL-SP), que tamb\u00e9m estava na reuni\u00e3o, destacou a import\u00e2ncia de os sindicatos pressionarem o Congresso Nacional contra o projeto da reforma administrativa.<\/p>\n\n\n\n<p><em>\u201cO ministro destacou tr\u00eas pontos sens\u00edveis do texto, asseverando que o governo \u00e9 absolutamente contr\u00e1rio a (1) mexer na estabilidade de servidores p\u00fablicos, j\u00e1 que se deve pensar em uma pol\u00edtica de Estado e n\u00e3o de governo; (2) qualquer medida de achatamento de sal\u00e1rios de servidores; e (3) contrata\u00e7\u00f5es sem concursos p\u00fablicos, pois ensejam uma l\u00f3gica privatista\u201d<\/em>, explicou Amaury.<\/p>\n\n\n\n<p>Como a reuni\u00e3o fora chamada principalmente para ouvir as centrais sindicais, somente essas tiveram voz, devido ao tempo.\u00a0<em>\u201cOs pontos principais trazidos nas falas versaram sobre o fato de a reforma n\u00e3o ter sido constru\u00edda de forma democr\u00e1tica, al\u00e9m de trazer preju\u00edzos n\u00e3o apenas para o servidor, mas tamb\u00e9m para o p\u00fablico usu\u00e1rio dos servi\u00e7os p\u00fablicos. Algumas falas apontaram para o projeto como uma ferramenta que inviabilizaria o estado social preconizado na Constitui\u00e7\u00e3o Cidad\u00e3 de 1988. A possibilidade de contrata\u00e7\u00e3o de servidores, sem concursos p\u00fablicos, assim como o fim da estabilidade, foram os pontos mais sens\u00edveis mencionados. Al\u00e9m disso, foi cobrado posicionamento mais firme do governo federal contra o projeto\u201d<\/em>, detalhou o dirigente do Sinasefe.<\/p>\n\n\n\n<p><em>\u201cApesar de n\u00e3o termos tido oportunidade de fala, o Sinasefe e as(os) trabalhadoras(es) da educa\u00e7\u00e3o federal foram citados pela companheira Nilza Pereira Almeida, da Intersindical Central da Classe Trabalhadora. Ela destacou a import\u00e2ncia da educa\u00e7\u00e3o p\u00fablica na forma\u00e7\u00e3o de cidad\u00e3os cr\u00edticos, possibilidade que seria perdida caso a reforma administrativa passasse. Foi lembrado que seis centrais sindicais entregaram ao governo um projeto que funcionaria como marco regulat\u00f3rio do servi\u00e7o p\u00fablico e que o governo deveria analisar o documento com mais cuidado\u201d<\/em>, destacou Amaury.<\/p>\n\n\n\n<p>Ao final, o Ministro Guilherme Boulos sugeriu que os sindicatos enviassem a seu gabinete os pontos principais referentes \u00e0 reforma administrativa que consideram preocupantes, com o intuito de marcar nova reuni\u00e3o, para que pudesse ouvir os sindicatos, categoria por categoria.&nbsp;<em>\u201cAssim, o Ministro asseverou que a Secretaria Geral da Rep\u00fablica abre um canal para que sindicatos e centrais sindicais possam dialogar diretamente com o governo\u201d<\/em>, finalizou o secret\u00e1rio-adjunto de pol\u00edticas para as IFEs ligadas ao Minist\u00e9rio da Defesa.<\/p>\n\n\n\n<p>\u00a0O Sinasefe tem cobrado, sem sucesso, e seguir\u00e1 cobrando, posicionamentos enf\u00e1ticos de outros ministros do governo Lula contra a Reforma Administrativa.<\/p>\n\n\n\n<p><em>Fonte e imagem: Sinasefe nacional<\/em><\/p>\n","protected":false},"excerpt":{"rendered":"<p>Aconteceu na tarde desta quinta-feira (06\/11), no Pal\u00e1cio do Planalto, em Bras\u00edlia-DF, uma reuni\u00e3o de entidades sindicais e centrais sindicais com a Secretaria-Geral da Presid\u00eancia da Rep\u00fablica. O tema debatido foi a Reforma Administrativa (PEC 38\/2025), que est\u00e1 em tramita\u00e7\u00e3o na C\u00e2mara Federal sob forte protesto do Sinasefe e de v\u00e1rias entidades classistas do funcionalismo<\/p>\n","protected":false},"author":7,"featured_media":7795,"comment_status":"open","ping_status":"open","sticky":false,"template":"","format":"standard","meta":{"footnotes":""},"categories":[45],"tags":[],"class_list":{"0":"post-7794","1":"post","2":"type-post","3":"status-publish","4":"format-standard","5":"has-post-thumbnail","7":"category-sindicato"},"_links":{"self":[{"href":"https:\/\/sinasefesm.com\/index.php\/wp-json\/wp\/v2\/posts\/7794","targetHints":{"allow":["GET"]}}],"collection":[{"href":"https:\/\/sinasefesm.com\/index.php\/wp-json\/wp\/v2\/posts"}],"about":[{"href":"https:\/\/sinasefesm.com\/index.php\/wp-json\/wp\/v2\/types\/post"}],"author":[{"embeddable":true,"href":"https:\/\/sinasefesm.com\/index.php\/wp-json\/wp\/v2\/users\/7"}],"replies":[{"embeddable":true,"href":"https:\/\/sinasefesm.com\/index.php\/wp-json\/wp\/v2\/comments?post=7794"}],"version-history":[{"count":1,"href":"https:\/\/sinasefesm.com\/index.php\/wp-json\/wp\/v2\/posts\/7794\/revisions"}],"predecessor-version":[{"id":7796,"href":"https:\/\/sinasefesm.com\/index.php\/wp-json\/wp\/v2\/posts\/7794\/revisions\/7796"}],"wp:featuredmedia":[{"embeddable":true,"href":"https:\/\/sinasefesm.com\/index.php\/wp-json\/wp\/v2\/media\/7795"}],"wp:attachment":[{"href":"https:\/\/sinasefesm.com\/index.php\/wp-json\/wp\/v2\/media?parent=7794"}],"wp:term":[{"taxonomy":"category","embeddable":true,"href":"https:\/\/sinasefesm.com\/index.php\/wp-json\/wp\/v2\/categories?post=7794"},{"taxonomy":"post_tag","embeddable":true,"href":"https:\/\/sinasefesm.com\/index.php\/wp-json\/wp\/v2\/tags?post=7794"}],"curies":[{"name":"wp","href":"https:\/\/api.w.org\/{rel}","templated":true}]}}