{"id":7800,"date":"2025-11-12T19:25:35","date_gmt":"2025-11-12T22:25:35","guid":{"rendered":"https:\/\/sinasefesm.com\/?p=7800"},"modified":"2025-11-12T19:25:35","modified_gmt":"2025-11-12T22:25:35","slug":"sinasefe-sm-discute-temas-do-gt-de-politicas-educacionais-e-culturais","status":"publish","type":"post","link":"https:\/\/sinasefesm.com\/index.php\/2025\/11\/12\/sinasefe-sm-discute-temas-do-gt-de-politicas-educacionais-e-culturais\/","title":{"rendered":"Sinasefe SM discute temas do GT de Pol\u00edticas Educacionais e Culturais"},"content":{"rendered":"\n<p>O Sinasefe Santa Maria participa na sexta e s\u00e1bado, 14 e 15 de novembro, no formato <em>on line<\/em>, da reuni\u00e3o nacional do Grupo de Trabalho (GT) de Pol\u00edticas Educacionais e Culturais. O representante local no evento ser\u00e1 o coordenador-geral do Sinasefe SM, Ad\u00e3o Ant\u00f4nio Pillar Damasceno.<\/p>\n\n\n\n<p>No final da tarde desta ter\u00e7a, 11 de novembro, ocorreu uma discuss\u00e3o preparat\u00f3ria, com a abordagem de assuntos que ser\u00e3o debatidos na reuni\u00e3o nacional do GT. Conforme Jane Flor\u00eancio, tamb\u00e9m coordenadora-geral, na atividade desta ter\u00e7a se buscou antecipar alguns dos pontos que estar\u00e3o em debate na reuni\u00e3o nacional.<\/p>\n\n\n\n<p>Entre os temas abordados: a pauta de negocia\u00e7\u00e3o na mesa setorial com o MEC, a lei da pol\u00edtica nacional de assist\u00eancia estudantil, textos sobre inclus\u00e3o e tamb\u00e9m sobre pol\u00edticas \u00e9tnico-raciais, al\u00e9m de decreto da pol\u00edtica nacional de educa\u00e7\u00e3o profissional e tecnol\u00f3gica.<\/p>\n\n\n\n<p><em>Texto: Fritz Rivail<br>Foto: Renato Seerig<\/em><\/p>\n","protected":false},"excerpt":{"rendered":"<p>O Sinasefe Santa Maria participa na sexta e s\u00e1bado, 14 e 15 de novembro, no formato on line, da reuni\u00e3o nacional do Grupo de Trabalho (GT) de Pol\u00edticas Educacionais e Culturais. O representante local no evento ser\u00e1 o coordenador-geral do Sinasefe SM, Ad\u00e3o Ant\u00f4nio Pillar Damasceno. No final da tarde desta ter\u00e7a, 11 de novembro,<\/p>\n","protected":false},"author":7,"featured_media":7801,"comment_status":"open","ping_status":"open","sticky":false,"template":"","format":"standard","meta":{"footnotes":""},"categories":[45],"tags":[],"class_list":{"0":"post-7800","1":"post","2":"type-post","3":"status-publish","4":"format-standard","5":"has-post-thumbnail","7":"category-sindicato"},"_links":{"self":[{"href":"https:\/\/sinasefesm.com\/index.php\/wp-json\/wp\/v2\/posts\/7800","targetHints":{"allow":["GET"]}}],"collection":[{"href":"https:\/\/sinasefesm.com\/index.php\/wp-json\/wp\/v2\/posts"}],"about":[{"href":"https:\/\/sinasefesm.com\/index.php\/wp-json\/wp\/v2\/types\/post"}],"author":[{"embeddable":true,"href":"https:\/\/sinasefesm.com\/index.php\/wp-json\/wp\/v2\/users\/7"}],"replies":[{"embeddable":true,"href":"https:\/\/sinasefesm.com\/index.php\/wp-json\/wp\/v2\/comments?post=7800"}],"version-history":[{"count":1,"href":"https:\/\/sinasefesm.com\/index.php\/wp-json\/wp\/v2\/posts\/7800\/revisions"}],"predecessor-version":[{"id":7802,"href":"https:\/\/sinasefesm.com\/index.php\/wp-json\/wp\/v2\/posts\/7800\/revisions\/7802"}],"wp:featuredmedia":[{"embeddable":true,"href":"https:\/\/sinasefesm.com\/index.php\/wp-json\/wp\/v2\/media\/7801"}],"wp:attachment":[{"href":"https:\/\/sinasefesm.com\/index.php\/wp-json\/wp\/v2\/media?parent=7800"}],"wp:term":[{"taxonomy":"category","embeddable":true,"href":"https:\/\/sinasefesm.com\/index.php\/wp-json\/wp\/v2\/categories?post=7800"},{"taxonomy":"post_tag","embeddable":true,"href":"https:\/\/sinasefesm.com\/index.php\/wp-json\/wp\/v2\/tags?post=7800"}],"curies":[{"name":"wp","href":"https:\/\/api.w.org\/{rel}","templated":true}]}}