{"id":7807,"date":"2025-11-19T13:57:56","date_gmt":"2025-11-19T16:57:56","guid":{"rendered":"https:\/\/sinasefesm.com\/?p=7807"},"modified":"2025-11-19T13:57:56","modified_gmt":"2025-11-19T16:57:56","slug":"cop-30-e-a-urgencia-da-defesa-do-planeta-terra","status":"publish","type":"post","link":"https:\/\/sinasefesm.com\/index.php\/2025\/11\/19\/cop-30-e-a-urgencia-da-defesa-do-planeta-terra\/","title":{"rendered":"COP 30 e a urg\u00eancia da defesa do Planeta Terra"},"content":{"rendered":"\n<p>O Sinasefe manifesta seu posicionamento a respeito da urg\u00eancia de solu\u00e7\u00f5es globais para a manuten\u00e7\u00e3o da vida em nosso planeta, a partir de um olhar cient\u00edfico, enquanto acompanhamos e atuamos na COP 30, que se realiza em Bel\u00e9m-PA, durante o per\u00edodo que vai de 10 at\u00e9 21 de novembro de 2025.<\/p>\n\n\n\n<p>A crise clim\u00e1tica, decorrente do consumo irrespons\u00e1vel dos recursos naturais sob os modos de produ\u00e7\u00e3o desenvolvidos historicamente pela humanidade, sobretudo a partir da expans\u00e3o mar\u00edtima e das invas\u00f5es europeias e aprofundada sob o capitalismo e sua produ\u00e7\u00e3o que privilegia valores de troca de mercadorias, tem sido catastr\u00f3fica, com efeitos mais severos para as popula\u00e7\u00f5es mais vulnerabilizadas.<\/p>\n\n\n\n<p>As mais pessimistas previs\u00f5es cient\u00edficas t\u00eam sido superadas pela realidade de fen\u00f4menos clim\u00e1ticos cada vez mais severos, que atingem diversas partes do mundo, e que j\u00e1 demostram seu poder devastador no Brasil. Como exemplos: inunda\u00e7\u00f5es sem precedentes no Rio Grande do Sul, secas na Amaz\u00f4nia e, na semana passada, tr\u00eas tornados que devastaram regi\u00f5es do Paran\u00e1.<\/p>\n\n\n\n<p>No \u00e2mbito educacional no qual atuamos, s\u00e3o frequentes as interrup\u00e7\u00f5es de atividades letivas decorrentes dos desequil\u00edbrios clim\u00e1ticos provocados pelo uso de combust\u00edveis f\u00f3sseis e o avan\u00e7o das fronteiras agropecu\u00e1rias, com consequente destrui\u00e7\u00e3o das florestas e das vegeta\u00e7\u00f5es das margens dos rios e suas bacias hidrogr\u00e1ficas.<\/p>\n\n\n\n<p>\u00c0s v\u00e9speras da realiza\u00e7\u00e3o do nosso&nbsp;<a href=\"https:\/\/sinasefe.org.br\/site\/participe-da-preparacao-do-3o-enniq\" target=\"_blank\" rel=\"noreferrer noopener\">3\u00ba Encontro Nacional de Negras, Negros, Ind\u00edgenas e Quilombolas<\/a>&nbsp;(ENNIQ), invocamos a sabedoria dos povos origin\u00e1rios, das Am\u00e9ricas e da \u00c1frica, para que tenhamos resultados efetivos nas tratativas diplom\u00e1ticas no campo da economia e da pol\u00edtica, que se desenvolvem na COP 30.<\/p>\n\n\n\n<p>A aus\u00eancia da segunda maior economia mundial no evento, decorrente de uma postura negacionista do governo de extrema direita dos EUA, \u00e9 um fator de preocupa\u00e7\u00e3o e que nos d\u00e1 certeza do caminho correto que trilhamos nesses&nbsp;<a href=\"https:\/\/sinasefe.org.br\/site\/sinasefe-37-anos-um-sindicato-cada-dia-mais-forte-independente-inclusivo-e-de-luta\" target=\"_blank\" rel=\"noreferrer noopener\">37 anos lutas do nosso sindicato<\/a>: defesa intransigente da democracia e da educa\u00e7\u00e3o como formas de transforma\u00e7\u00e3o social, rumo a uma sociedade socialista.<\/p>\n\n\n\n<p>Dessa forma, atuaremos para que a Rede Federal de Educa\u00e7\u00e3o Profissional, Cient\u00edfica e Tecnol\u00f3gica, as Escolas de Educa\u00e7\u00e3o Especial e as Institui\u00e7\u00f5es Educacionais Vinculadas ao Minist\u00e9rio da Defesa, cujos trabalhadores e trabalhadoras representamos, busquem uma sociedade que conviva em harmonia com o ambiente, desenvolvendo Ensino, Pesquisa e Extens\u00e3o em conson\u00e2ncia com valores ecol\u00f3gicos, pac\u00edficos e solid\u00e1rios.<\/p>\n\n\n\n<p><em>Fonte e imagem: Sinasefe Nacional<\/em><\/p>\n\n\n\n<p><\/p>\n","protected":false},"excerpt":{"rendered":"<p>O Sinasefe manifesta seu posicionamento a respeito da urg\u00eancia de solu\u00e7\u00f5es globais para a manuten\u00e7\u00e3o da vida em nosso planeta, a partir de um olhar cient\u00edfico, enquanto acompanhamos e atuamos na COP 30, que se realiza em Bel\u00e9m-PA, durante o per\u00edodo que vai de 10 at\u00e9 21 de novembro de 2025. A crise clim\u00e1tica, decorrente<\/p>\n","protected":false},"author":7,"featured_media":7808,"comment_status":"open","ping_status":"open","sticky":false,"template":"","format":"standard","meta":{"footnotes":""},"categories":[42],"tags":[],"class_list":{"0":"post-7807","1":"post","2":"type-post","3":"status-publish","4":"format-standard","5":"has-post-thumbnail","7":"category-noticia"},"_links":{"self":[{"href":"https:\/\/sinasefesm.com\/index.php\/wp-json\/wp\/v2\/posts\/7807","targetHints":{"allow":["GET"]}}],"collection":[{"href":"https:\/\/sinasefesm.com\/index.php\/wp-json\/wp\/v2\/posts"}],"about":[{"href":"https:\/\/sinasefesm.com\/index.php\/wp-json\/wp\/v2\/types\/post"}],"author":[{"embeddable":true,"href":"https:\/\/sinasefesm.com\/index.php\/wp-json\/wp\/v2\/users\/7"}],"replies":[{"embeddable":true,"href":"https:\/\/sinasefesm.com\/index.php\/wp-json\/wp\/v2\/comments?post=7807"}],"version-history":[{"count":1,"href":"https:\/\/sinasefesm.com\/index.php\/wp-json\/wp\/v2\/posts\/7807\/revisions"}],"predecessor-version":[{"id":7809,"href":"https:\/\/sinasefesm.com\/index.php\/wp-json\/wp\/v2\/posts\/7807\/revisions\/7809"}],"wp:featuredmedia":[{"embeddable":true,"href":"https:\/\/sinasefesm.com\/index.php\/wp-json\/wp\/v2\/media\/7808"}],"wp:attachment":[{"href":"https:\/\/sinasefesm.com\/index.php\/wp-json\/wp\/v2\/media?parent=7807"}],"wp:term":[{"taxonomy":"category","embeddable":true,"href":"https:\/\/sinasefesm.com\/index.php\/wp-json\/wp\/v2\/categories?post=7807"},{"taxonomy":"post_tag","embeddable":true,"href":"https:\/\/sinasefesm.com\/index.php\/wp-json\/wp\/v2\/tags?post=7807"}],"curies":[{"name":"wp","href":"https:\/\/api.w.org\/{rel}","templated":true}]}}