{"id":7810,"date":"2025-11-20T09:51:12","date_gmt":"2025-11-20T12:51:12","guid":{"rendered":"https:\/\/sinasefesm.com\/?p=7810"},"modified":"2025-11-20T09:51:12","modified_gmt":"2025-11-20T12:51:12","slug":"20-de-novembro-dia-nacional-de-zumbi-e-da-consciencia-negra","status":"publish","type":"post","link":"https:\/\/sinasefesm.com\/index.php\/2025\/11\/20\/20-de-novembro-dia-nacional-de-zumbi-e-da-consciencia-negra\/","title":{"rendered":"20 de novembro: Dia Nacional de Zumbi e da Consci\u00eancia Negra"},"content":{"rendered":"\n<p>O Dia Nacional de Zumbi e da Consci\u00eancia Negra \u00e9 celebrado nesta quinta-feira (20\/11). A data, institu\u00edda no calend\u00e1rio oficial do pa\u00eds pela&nbsp;<a href=\"http:\/\/www.planalto.gov.br\/ccivil_03\/_ato2011-2014\/2011\/lei\/l12519.htm\" target=\"_blank\" rel=\"noreferrer noopener\">Lei n\u00ba 12.519\/2011<\/a>&nbsp;e que teve as primeiras atividades celebrativas&nbsp;<a href=\"https:\/\/www.geledes.org.br\/oliveira-silveira-um-dos-idealizadores-do-20-de-novembro\/\" target=\"_blank\" rel=\"noreferrer noopener\">registradas em 1971<\/a>, tem neste ano de 2025 o seu segundo feriado nacional, oficializado pela&nbsp;<a href=\"https:\/\/www.planalto.gov.br\/ccivil_03\/_ato2023-2026\/2023\/lei\/l14759.htm\" target=\"_blank\" rel=\"noreferrer noopener\">Lei n\u00ba 14.759\/2023<\/a>.<\/p>\n\n\n\n<p>Al\u00e9m de&nbsp;<a href=\"https:\/\/museuregionaldesaojoaodelrei.museus.gov.br\/conheca-a-origem-do-dia-da-consciencia-negra\/\" target=\"_blank\" rel=\"noreferrer noopener\">homenagear o l\u00edder negro Zumbi dos Palmares<\/a>&nbsp;(morto numa emboscada em 20\/11\/1695), este Dia Nacional busca fazer justi\u00e7a \u00e0 luta cont\u00ednua de negras e negros brasileiros, num contraponto \u00e0s comemora\u00e7\u00f5es&nbsp;<a href=\"https:\/\/www.geledes.org.br\/oliveira-silveira-um-dos-idealizadores-do-20-de-novembro\/\" target=\"_blank\" rel=\"noreferrer noopener\"><em>chapa branca<\/em>&nbsp;da falsa aboli\u00e7\u00e3o (em 13\/05)<\/a>.<\/p>\n\n\n\n<p>O processo hist\u00f3rico de exist\u00eancia e resist\u00eancia de pessoas negras no Brasil, al\u00e9m de contabilizar os longos, absurdos e repugnantes anos de escraviza\u00e7\u00e3o enfrenta ainda, mesmo em 2025, um profundo apagamento racista da mem\u00f3ria deste per\u00edodo. Infelizmente, as narrativas que ainda se destacam em museus, nos livros did\u00e1ticos e na m\u00eddia tradicional seguem refor\u00e7ando o racismo ao inv\u00e9s de contribuir com a repara\u00e7\u00e3o hist\u00f3rica e urgente que a negritude necessita.<\/p>\n\n\n\n<p>Al\u00e9m disso, em seu cotidiano, a popula\u00e7\u00e3o negra, burlando as duras estat\u00edsticas de morte e desemprego, ainda que empregada e concursada, enfrenta a discrimina\u00e7\u00e3o e o racismo (estrutural e estruturante) em seus diversos locais de trabalho e estudo.<\/p>\n\n\n\n<p>Na busca de enfrentar o racismo nos servi\u00e7os p\u00fablicos, a Escola Virtual de Governo, em parceria com o Minist\u00e9rio da Igualdade Racial e o Minist\u00e9rio dos Direitos Humanos e Cidadania promove o curso online e gratuito:&nbsp;<strong><em><a href=\"https:\/\/www.escolavirtual.gov.br\/curso\/1192\" target=\"_blank\" rel=\"noreferrer noopener\">Letramento Racial aplicado ao Setor P\u00fablico<\/a><\/em><\/strong>. O Curso est\u00e1 dividido em cinco m\u00f3dulos:<\/p>\n\n\n\n<ul class=\"wp-block-list\">\n<li>Racismo e desigualdades raciais no Brasil: origens;<\/li>\n\n\n\n<li>Racismo, discrimina\u00e7\u00e3o e desigualdades raciais no Brasil: conceitos b\u00e1sicos;<\/li>\n\n\n\n<li>Desigualdades raciais: an\u00e1lise de dados estat\u00edsticos e estudos contempor\u00e2neos;<\/li>\n\n\n\n<li>O papel do Estado no combate ao racismo e na garantia de direitos;<\/li>\n\n\n\n<li>Conduta antirracista no setor p\u00fablico.<\/li>\n<\/ul>\n\n\n\n<h3 class=\"wp-block-heading\">E na Rede Federal?<\/h3>\n\n\n\n<p>Os impactos do racismo estrutural n\u00e3o s\u00e3o diferentes na Rede Federal de Educa\u00e7\u00e3o. Q<strong>uantas e quantos gestoras(es) negras(os) voc\u00ea conhece?&nbsp;<\/strong>Qual a quantidade de&nbsp;<strong>docentes e TAEs negras(os) integram o corpo de trabalhadoras(es)<\/strong>&nbsp;de seu local de trabalho? Quais as a\u00e7\u00f5es antirracistas efetivas (tanto entre trabalhadores quanto para estudantes) est\u00e3o em andamento em nossas escolas?<\/p>\n\n\n\n<p>Para enfrentar a essa realidade, fruto do racismo estrutural existente no pa\u00eds, o Sinasefe tem em seu calend\u00e1rio de eventos o\u00a0<a href=\"https:\/\/sinasefe.org.br\/site\/enniq\/\" target=\"_blank\" rel=\"noreferrer noopener\">Encontro Nacional de Negras, Negros, Ind\u00edgenas e Quilombolas<\/a>\u00a0(ENNIQ), que busca dar voz e inserir nos espa\u00e7os de poder do sindicato os(as) sindicalizados(as) negros(as):<\/p>\n\n\n\n<ul class=\"wp-block-list\">\n<li>o\u00a0<a href=\"https:\/\/sinasefe.org.br\/site\/enni-veja-o-resumo-do-encontro\/\" target=\"_blank\" rel=\"noreferrer noopener\">1\u00ba ENNI<\/a>\u00a0foi virtual, realizado no dia 3 de outubro de 2020, durante a pandemia de COVID-19, reunindo cerca de 30 participantes;<\/li>\n\n\n\n<li>o\u00a0<a href=\"https:\/\/sinasefe.org.br\/site\/2o-enniq-completou-um-mes-de-sua-realizacao-relembre-os-principais-momentos\/\" target=\"_blank\" rel=\"noreferrer noopener\">2\u00ba ENNIQ<\/a>\u00a0aconteceu em Macei\u00f3-AL, de 22 a 26 de mar\u00e7o de 2023, com o tema\u00a0<em>\u201cMalungas, Malungos e Parentes na terra de Palmares! Nossa luta, nosso sindicato!\u201d<\/em>, reunindo 430 participantes de 65\u00a0<a href=\"https:\/\/sinasefe.org.br\/site\/secoes-sindicais\/\" target=\"_blank\" rel=\"noreferrer noopener\">se\u00e7\u00f5es sindicais<\/a>.<\/li>\n\n\n\n<li>o 3\u00ba ENNIQ vai acontecer em Bras\u00edlia-DF, de 25 a 29 de novembro de 2025, com o tema:\u00a0<em>\u201cCorpo-Territ\u00f3rio, Vozes Coletivas na Luta por Repara\u00e7\u00e3o, Bem Viver e Contra o Marco Temporal\u201d<\/em>.<\/li>\n<\/ul>\n\n\n\n<p>Neste segundo feriado nacional de Zumbi e da Consci\u00eancia Negra, o Sinasefe reflete sobre o racismo ainda presente em nossa sociedade. O sindicato v\u00ea muita luta ainda por ser feita, j\u00e1 que negras e negros recebem os piores sal\u00e1rios e enfrentam mais dificuldades no acesso \u00e0 educa\u00e7\u00e3o e ao emprego.<\/p>\n\n\n\n<p>Mais que somente repudi\u00e1-lo, o Sinasefe defende que devemos combater o racismo. E \u00e9 nessa trincheira de luta que nossa entidade sindical se coloca.<\/p>\n\n\n\n<p><em>Fonte e imagem: Sinasefe Nacional<\/em><\/p>\n\n\n\n<p><\/p>\n","protected":false},"excerpt":{"rendered":"<p>O Dia Nacional de Zumbi e da Consci\u00eancia Negra \u00e9 celebrado nesta quinta-feira (20\/11). A data, institu\u00edda no calend\u00e1rio oficial do pa\u00eds pela&nbsp;Lei n\u00ba 12.519\/2011&nbsp;e que teve as primeiras atividades celebrativas&nbsp;registradas em 1971, tem neste ano de 2025 o seu segundo feriado nacional, oficializado pela&nbsp;Lei n\u00ba 14.759\/2023. Al\u00e9m de&nbsp;homenagear o l\u00edder negro Zumbi dos Palmares&nbsp;(morto<\/p>\n","protected":false},"author":7,"featured_media":7811,"comment_status":"open","ping_status":"open","sticky":false,"template":"","format":"standard","meta":{"footnotes":""},"categories":[45],"tags":[],"class_list":{"0":"post-7810","1":"post","2":"type-post","3":"status-publish","4":"format-standard","5":"has-post-thumbnail","7":"category-sindicato"},"_links":{"self":[{"href":"https:\/\/sinasefesm.com\/index.php\/wp-json\/wp\/v2\/posts\/7810","targetHints":{"allow":["GET"]}}],"collection":[{"href":"https:\/\/sinasefesm.com\/index.php\/wp-json\/wp\/v2\/posts"}],"about":[{"href":"https:\/\/sinasefesm.com\/index.php\/wp-json\/wp\/v2\/types\/post"}],"author":[{"embeddable":true,"href":"https:\/\/sinasefesm.com\/index.php\/wp-json\/wp\/v2\/users\/7"}],"replies":[{"embeddable":true,"href":"https:\/\/sinasefesm.com\/index.php\/wp-json\/wp\/v2\/comments?post=7810"}],"version-history":[{"count":1,"href":"https:\/\/sinasefesm.com\/index.php\/wp-json\/wp\/v2\/posts\/7810\/revisions"}],"predecessor-version":[{"id":7812,"href":"https:\/\/sinasefesm.com\/index.php\/wp-json\/wp\/v2\/posts\/7810\/revisions\/7812"}],"wp:featuredmedia":[{"embeddable":true,"href":"https:\/\/sinasefesm.com\/index.php\/wp-json\/wp\/v2\/media\/7811"}],"wp:attachment":[{"href":"https:\/\/sinasefesm.com\/index.php\/wp-json\/wp\/v2\/media?parent=7810"}],"wp:term":[{"taxonomy":"category","embeddable":true,"href":"https:\/\/sinasefesm.com\/index.php\/wp-json\/wp\/v2\/categories?post=7810"},{"taxonomy":"post_tag","embeddable":true,"href":"https:\/\/sinasefesm.com\/index.php\/wp-json\/wp\/v2\/tags?post=7810"}],"curies":[{"name":"wp","href":"https:\/\/api.w.org\/{rel}","templated":true}]}}