{"id":7815,"date":"2025-11-21T16:49:25","date_gmt":"2025-11-21T19:49:25","guid":{"rendered":"https:\/\/sinasefesm.com\/?p=7815"},"modified":"2025-11-21T16:49:25","modified_gmt":"2025-11-21T19:49:25","slug":"diretora-do-sinasefe-sm-participa-do-3o-encontro-de-negras-e-negros-enniq","status":"publish","type":"post","link":"https:\/\/sinasefesm.com\/index.php\/2025\/11\/21\/diretora-do-sinasefe-sm-participa-do-3o-encontro-de-negras-e-negros-enniq\/","title":{"rendered":"Diretora do Sinasefe SM participa do 3\u00ba Encontro de Negras e Negros (Enniq)"},"content":{"rendered":"\n<p>A secret\u00e1ria de Carreira e de Rela\u00e7\u00f5es do Trabalho do Sinasefe Santa Maria, Cassiana Marques da Silva, participa entre os dias 25 e 29 de novembro, em Bras\u00edlia (DF), do <a href=\"https:\/\/sinasefe.org.br\/site\/enniq\" target=\"_blank\" rel=\"noreferrer noopener\">3\u00ba Encontro de Negras, Negros, Ind\u00edgenas e Quilombolas<\/a>&nbsp;(ENNIQ).<\/p>\n\n\n\n<p>O 3\u00ba ENNIQ acontecer\u00e1 no&nbsp;<em>campus<\/em>&nbsp;Bras\u00edlia do IFB (Plano Piloto, 610 norte), com o tema&nbsp;<em>\u201cCorpo-Territ\u00f3rio, Vozes Coletivas na Luta por Repara\u00e7\u00e3o, Bem Viver e Contra o Marco Temporal\u201d<\/em>.<\/p>\n\n\n\n<p>Confira a programa\u00e7\u00e3o:<\/p>\n\n\n\n<p><strong>1\u00ba dia \u2013 ter\u00e7a-feira (25\/11)<\/strong><\/p>\n\n\n\n<ul class=\"wp-block-list\">\n<li>9 horas \u2013 Marcha Mundial de Mulheres Negras<\/li>\n\n\n\n<li>12 horas \u2013 Almo\u00e7o<\/li>\n\n\n\n<li>14 horas \u2013 Marcha Mundial das Mulheres Negras<\/li>\n\n\n\n<li>16h30min \u2013 Audi\u00eancia P\u00fablica na C\u00e2mara Federal:\u00a0<em>\u201cOs reflexos da\u00a0<a href=\"https:\/\/sinasefe.org.br\/site\/reforma-administrativa\" target=\"_blank\" rel=\"noreferrer noopener\">Reforma Administrativa<\/a>\u00a0(<a href=\"https:\/\/www.camara.leg.br\/proposicoesWeb\/fichadetramitacao?idProposicao=2576168\" target=\"_blank\" rel=\"noreferrer noopener\">PEC 38\/2025<\/a>) no servi\u00e7o p\u00fablico brasileiro\u201d<\/em><\/li>\n<\/ul>\n\n\n\n<p><strong>2\u00ba dia \u2013 quarta-feira (26\/11)<\/strong><\/p>\n\n\n\n<ul class=\"wp-block-list\">\n<li>9 horas \u2013 Ato Contra a Reforma Administrativa<\/li>\n\n\n\n<li>10 horas \u2013 Oficinas<\/li>\n\n\n\n<li>14 horas \u2013 Mesa de sauda\u00e7\u00e3o \u2013 Mesa que abra\u00e7a<\/li>\n\n\n\n<li>Convidados: Entidades representativas<\/li>\n\n\n\n<li>14h30min \u2013 Mesa de Abertura \u2013 \u2018Por repara\u00e7\u00e3o e Bem Viver: corpo-territ\u00f3rio e ancestralidade em luta pela supera\u00e7\u00e3o do capitalismo\u2019.<\/li>\n\n\n\n<li>Convidados: Dandara Tonantzin, Hertz Dias, Leticia Nascimento, Marta Quintiliano, S\u00e9rgio Pessoa e Wanderlei Costa<\/li>\n<\/ul>\n\n\n\n<p><strong>3\u00ba dia \u2013 quinta-feira (27\/11)<\/strong><\/p>\n\n\n\n<ul class=\"wp-block-list\">\n<li>9 horas \u2013 Mesa \u2013 \u2018Povos tradicionais em combate \u00e0s mudan\u00e7as clim\u00e1ticas: A luta contra o marco temporal, titula\u00e7\u00e3o das terras quilombolas e territorialidades ciganas\u2019.<\/li>\n\n\n\n<li>Convidados: Evaldo Gon\u00e7alves, Iya Marli, Marcos Kaingang e Raquel Trememb\u00e9<\/li>\n<\/ul>\n\n\n\n<ul class=\"wp-block-list\">\n<li>12 horas \u2013 Almo\u00e7o<\/li>\n\n\n\n<li>14 horas \u2013 Mesa \u2013 \u2018Atravessamentos de classe, ra\u00e7a, g\u00eanero, etnia, sexualidade e defici\u00eancias na Rede Federal e nas IFEs ligadas ao Minist\u00e9rio da Defesa\u2019,<\/li>\n\n\n\n<li>Convidados: Cristina Tapuya, Marcelo Teixeira e Sayid Ten\u00f3rio<\/li>\n<\/ul>\n\n\n\n<ul class=\"wp-block-list\">\n<li>17h30min \u2013\u00a0<em>Coffee break<\/em><\/li>\n\n\n\n<li>19 horas \u2013 Mesa \u2013 Balan\u00e7o do 2\u00ba ENNIQ e Roda de Conversa<\/li>\n\n\n\n<li>Com: Vozes Coletivas<\/li>\n<\/ul>\n\n\n\n<p><strong>4\u00ba dia \u2013 sexta-feira (28\/11)<\/strong><\/p>\n\n\n\n<ul class=\"wp-block-list\">\n<li>8 horas \u2013 Informes do 3\u00ba ENNIQ<\/li>\n\n\n\n<li>9 horas \u2013 Grupos de Trabalho \/ Sinasefinho<\/li>\n\n\n\n<li>12 horas \u2013 Almo\u00e7o<\/li>\n\n\n\n<li>14 horas \u2013 Plen\u00e1ria Final<\/li>\n\n\n\n<li>17h30min \u2013\u00a0<em>Coffee break<\/em><\/li>\n\n\n\n<li>18 horas \u2013 Plen\u00e1ria Final (continua\u00e7\u00e3o)<\/li>\n<\/ul>\n\n\n\n<p><strong>5\u00ba dia \u2013 s\u00e1bado (29\/11)<\/strong><\/p>\n\n\n\n<ul class=\"wp-block-list\">\n<li>7 horas \u2013 Atividade Cultural \u2013 Visita ao Quilombo Mesquita<\/li>\n\n\n\n<li>Concentra\u00e7\u00e3o: local a ser informado durante o 3\u00ba ENNIQ<\/li>\n<\/ul>\n\n\n\n<ul class=\"wp-block-list\">\n<li>9 horas \u2013 Chegada ao Quilombo Mesquita<\/li>\n\n\n\n<li>9h30min \u2013 Abertura: Apresenta\u00e7\u00e3o do grupo de dan\u00e7a cultural de catira<\/li>\n\n\n\n<li>10 horas \u2013 Apresenta\u00e7\u00e3o dos visitantes<\/li>\n\n\n\n<li>11 horas \u2013 Passeio no Quilombo Mesquita<\/li>\n\n\n\n<li>Hortas de agricultura familiar, Igreja e apresenta\u00e7\u00e3o do espa\u00e7o<\/li>\n\n\n\n<li>13 horas \u2013 Almo\u00e7o<\/li>\n\n\n\n<li>Sucos e oficina de doce de marmelo feito na hora (tradi\u00e7\u00e3o de 150 anos de resist\u00eancia)<\/li>\n\n\n\n<li>15 horas \u2013 Retorno.<\/li>\n<\/ul>\n\n\n\n<p><em>Fonte e imagem: Sinasefe Nacional<br>Edi\u00e7\u00e3o: Fritz Rivail<\/em><\/p>\n","protected":false},"excerpt":{"rendered":"<p>A secret\u00e1ria de Carreira e de Rela\u00e7\u00f5es do Trabalho do Sinasefe Santa Maria, Cassiana Marques da Silva, participa entre os dias 25 e 29 de novembro, em Bras\u00edlia (DF), do 3\u00ba Encontro de Negras, Negros, Ind\u00edgenas e Quilombolas&nbsp;(ENNIQ). O 3\u00ba ENNIQ acontecer\u00e1 no&nbsp;campus&nbsp;Bras\u00edlia do IFB (Plano Piloto, 610 norte), com o tema&nbsp;\u201cCorpo-Territ\u00f3rio, Vozes Coletivas na<\/p>\n","protected":false},"author":7,"featured_media":7816,"comment_status":"open","ping_status":"open","sticky":false,"template":"","format":"standard","meta":{"footnotes":""},"categories":[39],"tags":[],"class_list":{"0":"post-7815","1":"post","2":"type-post","3":"status-publish","4":"format-standard","5":"has-post-thumbnail","7":"category-eventos"},"_links":{"self":[{"href":"https:\/\/sinasefesm.com\/index.php\/wp-json\/wp\/v2\/posts\/7815","targetHints":{"allow":["GET"]}}],"collection":[{"href":"https:\/\/sinasefesm.com\/index.php\/wp-json\/wp\/v2\/posts"}],"about":[{"href":"https:\/\/sinasefesm.com\/index.php\/wp-json\/wp\/v2\/types\/post"}],"author":[{"embeddable":true,"href":"https:\/\/sinasefesm.com\/index.php\/wp-json\/wp\/v2\/users\/7"}],"replies":[{"embeddable":true,"href":"https:\/\/sinasefesm.com\/index.php\/wp-json\/wp\/v2\/comments?post=7815"}],"version-history":[{"count":1,"href":"https:\/\/sinasefesm.com\/index.php\/wp-json\/wp\/v2\/posts\/7815\/revisions"}],"predecessor-version":[{"id":7817,"href":"https:\/\/sinasefesm.com\/index.php\/wp-json\/wp\/v2\/posts\/7815\/revisions\/7817"}],"wp:featuredmedia":[{"embeddable":true,"href":"https:\/\/sinasefesm.com\/index.php\/wp-json\/wp\/v2\/media\/7816"}],"wp:attachment":[{"href":"https:\/\/sinasefesm.com\/index.php\/wp-json\/wp\/v2\/media?parent=7815"}],"wp:term":[{"taxonomy":"category","embeddable":true,"href":"https:\/\/sinasefesm.com\/index.php\/wp-json\/wp\/v2\/categories?post=7815"},{"taxonomy":"post_tag","embeddable":true,"href":"https:\/\/sinasefesm.com\/index.php\/wp-json\/wp\/v2\/tags?post=7815"}],"curies":[{"name":"wp","href":"https:\/\/api.w.org\/{rel}","templated":true}]}}