{"id":7819,"date":"2025-11-27T14:27:53","date_gmt":"2025-11-27T17:27:53","guid":{"rendered":"https:\/\/sinasefesm.com\/?p=7819"},"modified":"2025-11-27T14:39:25","modified_gmt":"2025-11-27T17:39:25","slug":"sindicato-presente-na-marca-das-mulheres-negras-e-na-audiencia-sobre-reforma-administrativa","status":"publish","type":"post","link":"https:\/\/sinasefesm.com\/index.php\/2025\/11\/27\/sindicato-presente-na-marca-das-mulheres-negras-e-na-audiencia-sobre-reforma-administrativa\/","title":{"rendered":"Sindicato presente na Marcha das Mulheres Negras e na audi\u00eancia sobre reforma administrativa"},"content":{"rendered":"\n<p>Com o tema&nbsp;<em>\u201cCorpo-Territ\u00f3rio, Vozes Coletivas na Luta por Repara\u00e7\u00e3o, Bem Viver e Contra o Marco Temporal\u201d<\/em>, iniciou o <a href=\"https:\/\/sinasefe.org.br\/site\/3o-enniq-25-a-29-11-em-brasilia-df\" target=\"_blank\" rel=\"noreferrer noopener\">3\u00ba Encontro de Negras, Negros, Ind\u00edgenas e Quilombolas<\/a>&nbsp;(ENNIQ) do Sinasefe nacional na ter\u00e7a-feira (25\/11).<\/p>\n\n\n\n<p>Neste dia ocorreram duas atividades de massa em Bras\u00edlia-DF: pela manh\u00e3, milhares de pessoas em marcha na Esplanada dos Minist\u00e9rios; e pela tarde centenas de lutadores em defesa dos servi\u00e7os p\u00fablicos, na C\u00e2mara dos Deputados.<\/p>\n\n\n\n<p>Um total de 184 sindicalizadas(os) se pr\u00e9-inscreveram para o 3\u00b0 ENNIQ. Somente pessoas racializadas, ind\u00edgenas, quilombolas e ciganas sindicalizadas ao Sinasefe puderam se credenciar no evento.<\/p>\n\n\n\n<p>A secret\u00e1ria de Carreira e Rela\u00e7\u00f5es de Trabalho do Sinasefe SM, Cassiana Marques da Silva, participou tanto da marcha quanto do evento na C\u00e2mara Federal.<\/p>\n\n\n\n<p><strong>Marcha das Mulheres Negras<\/strong><\/p>\n\n\n\n<p>O 3\u00b0 ENNIQ come\u00e7ou com a Marcha das Mulheres Negras. E foi gigante: a Marcha reuniu cerca de 300 mil pessoas em Bras\u00edlia-DF,&nbsp;<a href=\"https:\/\/agenciabrasil.ebc.com.br\/direitos-humanos\/noticia\/2025-11\/mulheres-negras-marcham-hoje-em-brasilia-por-reparacao-e-bem-viver\" target=\"_blank\" rel=\"noreferrer noopener\">segundo a organiza\u00e7\u00e3o do evento<\/a>.<\/p>\n\n\n\n<p>O Sinasefe recepcionou as(os) sindicalizadas(os) em sua tenda, na concentra\u00e7\u00e3o da Marcha no Museu da Rep\u00fablica (Esplanada dos Minist\u00e9rios), com lanches e brindes.<\/p>\n\n\n\n<figure class=\"wp-block-image size-large is-resized\"><img fetchpriority=\"high\" decoding=\"async\" width=\"1024\" height=\"683\" src=\"https:\/\/sinasefesm.com\/wp-content\/uploads\/2025\/11\/cassiana-marcha-2-1024x683.jpg\" alt=\"\" class=\"wp-image-7821\" style=\"width:454px;height:auto\" srcset=\"https:\/\/sinasefesm.com\/wp-content\/uploads\/2025\/11\/cassiana-marcha-2-1024x683.jpg 1024w, https:\/\/sinasefesm.com\/wp-content\/uploads\/2025\/11\/cassiana-marcha-2-300x200.jpg 300w, https:\/\/sinasefesm.com\/wp-content\/uploads\/2025\/11\/cassiana-marcha-2-768x512.jpg 768w, https:\/\/sinasefesm.com\/wp-content\/uploads\/2025\/11\/cassiana-marcha-2-1536x1024.jpg 1536w, https:\/\/sinasefesm.com\/wp-content\/uploads\/2025\/11\/cassiana-marcha-2-150x100.jpg 150w, https:\/\/sinasefesm.com\/wp-content\/uploads\/2025\/11\/cassiana-marcha-2-450x300.jpg 450w, https:\/\/sinasefesm.com\/wp-content\/uploads\/2025\/11\/cassiana-marcha-2-1200x800.jpg 1200w, https:\/\/sinasefesm.com\/wp-content\/uploads\/2025\/11\/cassiana-marcha-2.jpg 1800w\" sizes=\"(max-width: 1024px) 100vw, 1024px\" \/><\/figure>\n\n\n\n<p>Por volta das 11h30min, todas(os) sa\u00edram em passeata na Marcha das Mulheres Negras, defendendo pautas como o fim do genoc\u00eddio do povo preto e o bem viver.<\/p>\n\n\n\n<p>A Marcha tomou a Esplanada dos Minist\u00e9rios at\u00e9 \u00e0s 14 horas, com muitas falas e ritmos potentes da luta antirracista t\u00e3o necess\u00e1ria ao nosso pa\u00eds.<\/p>\n\n\n\n<p><strong>Luta contra a Reforma Administrativa<\/strong><\/p>\n\n\n\n<p>A segunda atividade do 3\u00b0 ENNIQ (na ter\u00e7a, 25) levou seus participantes \u00e0 C\u00e2mara dos Deputados, onde aconteceu a Audi\u00eancia P\u00fablica&nbsp;<em>\u201cReflexos da&nbsp;<a href=\"https:\/\/sinasefe.org.br\/site\/reforma-administrativa\" target=\"_blank\" rel=\"noreferrer noopener\">Reforma Administrativa<\/a>&nbsp;(<a href=\"https:\/\/www.camara.leg.br\/proposicoesWeb\/fichadetramitacao?idProposicao=2576168\" target=\"_blank\" rel=\"noreferrer noopener\">PEC 38\/2025<\/a>) no Servi\u00e7o P\u00fablico Brasileiro\u201d<\/em>.<\/p>\n\n\n\n<p>O debate ocorreu no Audit\u00f3rio Nereu Ramos, no Anexo II da C\u00e2mara Federal, em Bras\u00edlia-DF.<\/p>\n\n\n\n<p>Francisco Freitas (<a href=\"https:\/\/sinasefe.org.br\/site\/documentos\/direcao-nacional\/coordenacao-geral\" target=\"_blank\" rel=\"noreferrer noopener\">coordenador geral<\/a>) representou o sindicato na mesa, sendo o segundo palestrante a falar.<\/p>\n\n\n\n<p>Negras, negros, ind\u00edgenas, quilombolas e pessoas ciganas do SINASEFE tamb\u00e9m est\u00e3o na luta em defesa do servi\u00e7o p\u00fablico: a PEC 38\/2025 n\u00e3o \u00e9 uma reforma, \u00e9 uma demoli\u00e7\u00e3o!<\/p>\n\n\n\n<figure class=\"wp-block-image size-large is-resized\"><img decoding=\"async\" width=\"1024\" height=\"576\" src=\"https:\/\/sinasefesm.com\/wp-content\/uploads\/2025\/11\/marcha-e-audiencia-2-reforma-adm-1024x576.jpg\" alt=\"\" class=\"wp-image-7822\" style=\"width:503px;height:auto\" srcset=\"https:\/\/sinasefesm.com\/wp-content\/uploads\/2025\/11\/marcha-e-audiencia-2-reforma-adm-1024x576.jpg 1024w, https:\/\/sinasefesm.com\/wp-content\/uploads\/2025\/11\/marcha-e-audiencia-2-reforma-adm-300x169.jpg 300w, https:\/\/sinasefesm.com\/wp-content\/uploads\/2025\/11\/marcha-e-audiencia-2-reforma-adm-768x432.jpg 768w, https:\/\/sinasefesm.com\/wp-content\/uploads\/2025\/11\/marcha-e-audiencia-2-reforma-adm-1536x864.jpg 1536w, https:\/\/sinasefesm.com\/wp-content\/uploads\/2025\/11\/marcha-e-audiencia-2-reforma-adm-150x84.jpg 150w, https:\/\/sinasefesm.com\/wp-content\/uploads\/2025\/11\/marcha-e-audiencia-2-reforma-adm-450x253.jpg 450w, https:\/\/sinasefesm.com\/wp-content\/uploads\/2025\/11\/marcha-e-audiencia-2-reforma-adm-1200x675.jpg 1200w, https:\/\/sinasefesm.com\/wp-content\/uploads\/2025\/11\/marcha-e-audiencia-2-reforma-adm.jpg 1800w\" sizes=\"(max-width: 1024px) 100vw, 1024px\" \/><\/figure>\n\n\n\n<p><em>Fonte e imagens: Sinasefe Nacional<br><br><\/em><\/p>\n","protected":false},"excerpt":{"rendered":"<p>Com o tema&nbsp;\u201cCorpo-Territ\u00f3rio, Vozes Coletivas na Luta por Repara\u00e7\u00e3o, Bem Viver e Contra o Marco Temporal\u201d, iniciou o 3\u00ba Encontro de Negras, Negros, Ind\u00edgenas e Quilombolas&nbsp;(ENNIQ) do Sinasefe nacional na ter\u00e7a-feira (25\/11). Neste dia ocorreram duas atividades de massa em Bras\u00edlia-DF: pela manh\u00e3, milhares de pessoas em marcha na Esplanada dos Minist\u00e9rios; e pela tarde<\/p>\n","protected":false},"author":7,"featured_media":7820,"comment_status":"open","ping_status":"open","sticky":false,"template":"","format":"standard","meta":{"footnotes":""},"categories":[41],"tags":[],"class_list":{"0":"post-7819","1":"post","2":"type-post","3":"status-publish","4":"format-standard","5":"has-post-thumbnail","7":"category-movimento"},"_links":{"self":[{"href":"https:\/\/sinasefesm.com\/index.php\/wp-json\/wp\/v2\/posts\/7819","targetHints":{"allow":["GET"]}}],"collection":[{"href":"https:\/\/sinasefesm.com\/index.php\/wp-json\/wp\/v2\/posts"}],"about":[{"href":"https:\/\/sinasefesm.com\/index.php\/wp-json\/wp\/v2\/types\/post"}],"author":[{"embeddable":true,"href":"https:\/\/sinasefesm.com\/index.php\/wp-json\/wp\/v2\/users\/7"}],"replies":[{"embeddable":true,"href":"https:\/\/sinasefesm.com\/index.php\/wp-json\/wp\/v2\/comments?post=7819"}],"version-history":[{"count":3,"href":"https:\/\/sinasefesm.com\/index.php\/wp-json\/wp\/v2\/posts\/7819\/revisions"}],"predecessor-version":[{"id":7826,"href":"https:\/\/sinasefesm.com\/index.php\/wp-json\/wp\/v2\/posts\/7819\/revisions\/7826"}],"wp:featuredmedia":[{"embeddable":true,"href":"https:\/\/sinasefesm.com\/index.php\/wp-json\/wp\/v2\/media\/7820"}],"wp:attachment":[{"href":"https:\/\/sinasefesm.com\/index.php\/wp-json\/wp\/v2\/media?parent=7819"}],"wp:term":[{"taxonomy":"category","embeddable":true,"href":"https:\/\/sinasefesm.com\/index.php\/wp-json\/wp\/v2\/categories?post=7819"},{"taxonomy":"post_tag","embeddable":true,"href":"https:\/\/sinasefesm.com\/index.php\/wp-json\/wp\/v2\/tags?post=7819"}],"curies":[{"name":"wp","href":"https:\/\/api.w.org\/{rel}","templated":true}]}}