{"id":7827,"date":"2025-11-30T11:13:40","date_gmt":"2025-11-30T14:13:40","guid":{"rendered":"https:\/\/sinasefesm.com\/?p=7827"},"modified":"2025-11-30T11:16:55","modified_gmt":"2025-11-30T14:16:55","slug":"3o-enniq-manifesta-repudio-e-pesar-pelo-assassinato-de-allane-matos-e-layse-pinheiro","status":"publish","type":"post","link":"https:\/\/sinasefesm.com\/index.php\/2025\/11\/30\/3o-enniq-manifesta-repudio-e-pesar-pelo-assassinato-de-allane-matos-e-layse-pinheiro\/","title":{"rendered":"3\u00ba Enniq manifesta rep\u00fadio e pesar pelo assassinato de Allane Matos e Layse Pinheiro"},"content":{"rendered":"\n<p>Os servidores e as servidoras da educa\u00e7\u00e3o b\u00e1sica, profissional e tecnol\u00f3gica reunidas(os) no 3\u00ba Encontro Nacional de Negros, Negras, Ind\u00edgenas e Quilombolas (ENNIQ) manifestam seu&nbsp;<strong>mais profundo pesar pela morte de Allane de Souza Pedrotti Matos e Layse Costa Pinheiro<\/strong>, servidoras do Cefet-RJ, campus Maracan\u00e3, v\u00edtimas de um ataque brutal cometido por um colega de trabalho no dia 28 de novembro de 2025.<\/p>\n\n\n\n<p>Embora as motiva\u00e7\u00f5es para esse crime, cometido por um servidor do mesmo campus, ainda estejam sob investiga\u00e7\u00e3o, n\u00e3o h\u00e1 como dissociar este epis\u00f3dio do contexto mais amplo de&nbsp;<strong>crescimento da viol\u00eancia contra mulheres<\/strong>&nbsp;no Brasil \u2014 um contexto marcado por discursos de misoginia, machismo e normaliza\u00e7\u00e3o da viol\u00eancia de g\u00eanero que se intensificaram na \u00faltima d\u00e9cada.<\/p>\n\n\n\n<p>A altera\u00e7\u00e3o no Estatuto do Desarmamento realizada por Jair Bolsonaro em cumprimento \u00e0 agenda da extrema direita, facilitou a compra e ampliou enormemente o n\u00famero de armas de fogo no Brasil. O F\u00f3rum Brasileiro de Seguran\u00e7a P\u00fablica apontou, j\u00e1 em 2022, que&nbsp;<strong>a difus\u00e3o das armas de fogo representam um risco para toda a sociedade<\/strong>, o que potencializa ainda mais a viol\u00eancia contra mulheres em nosso pa\u00eds.<\/p>\n\n\n\n<p>Al\u00e9m disso, \u00e9 urgente considerar que o&nbsp;<strong>aumento do ass\u00e9dio moral e estrutural como estrat\u00e9gia de gest\u00e3o nas institui\u00e7\u00f5es p\u00fablicas de ensino<\/strong>&nbsp;tem contribu\u00eddo para o adoecimento de servidoras e servidores. Esse adoecimento \u2014 frequentemente silencioso e invisibilizado \u2014 pode agravar tens\u00f5es, gerar sofrimento psicol\u00f3gico e, em contextos extremos, favorecer desdobramentos tr\u00e1gicos como o que hoje nos choca. Tal l\u00f3gica \u00e9 especialmente perversa quando atinge mulheres, que historicamente enfrentam desvaloriza\u00e7\u00e3o, sobrecarga e precariedade de condi\u00e7\u00f5es de trabalho.<\/p>\n\n\n\n<p>O Sinasefe manifesta sua\u00a0<strong>solidariedade a todas as fam\u00edlias, colegas e \u00e0 comunidade do CEFET-RJ<\/strong>, bem como seu apoio \u00e0quelas que \u2014 diariamente \u2014 mant\u00eam viva a luta pela dignidade, respeito e seguran\u00e7a no ambiente de trabalho. Lamentamos profundamente a perda de Allane e Layse.<\/p>\n\n\n\n<p>Por fim, o Sinasefe\u00a0<strong>repudia veementemente toda e qualquer forma de viol\u00eancia \u2014 especialmente a viol\u00eancia de g\u00eanero e institucional \u2014 e destaca a necessidade de pol\u00edticas concretas de preven\u00e7\u00e3o \u00e0 viol\u00eancia, de aten\u00e7\u00e3o \u00e0 sa\u00fade mental de servidoras e servidores, e de promo\u00e7\u00e3o de ambientes de trabalho seguros, democr\u00e1ticos e livres de ass\u00e9dio ou discrimina\u00e7\u00e3o.<\/strong><\/p>\n\n\n\n<p>Companheira Allane, presente!<\/p>\n\n\n\n<p>Companheira Layse, presente!<\/p>\n\n\n\n<p>Hoje e sempre!<\/p>\n\n\n\n<p><strong>Plen\u00e1ria final do 3\u00ba ENNIQ do SINASEFE<\/strong><\/p>\n","protected":false},"excerpt":{"rendered":"<p>Os servidores e as servidoras da educa\u00e7\u00e3o b\u00e1sica, profissional e tecnol\u00f3gica reunidas(os) no 3\u00ba Encontro Nacional de Negros, Negras, Ind\u00edgenas e Quilombolas (ENNIQ) manifestam seu&nbsp;mais profundo pesar pela morte de Allane de Souza Pedrotti Matos e Layse Costa Pinheiro, servidoras do Cefet-RJ, campus Maracan\u00e3, v\u00edtimas de um ataque brutal cometido por um colega de trabalho<\/p>\n","protected":false},"author":7,"featured_media":7828,"comment_status":"open","ping_status":"open","sticky":false,"template":"","format":"standard","meta":{"footnotes":""},"categories":[45],"tags":[],"class_list":{"0":"post-7827","1":"post","2":"type-post","3":"status-publish","4":"format-standard","5":"has-post-thumbnail","7":"category-sindicato"},"_links":{"self":[{"href":"https:\/\/sinasefesm.com\/index.php\/wp-json\/wp\/v2\/posts\/7827","targetHints":{"allow":["GET"]}}],"collection":[{"href":"https:\/\/sinasefesm.com\/index.php\/wp-json\/wp\/v2\/posts"}],"about":[{"href":"https:\/\/sinasefesm.com\/index.php\/wp-json\/wp\/v2\/types\/post"}],"author":[{"embeddable":true,"href":"https:\/\/sinasefesm.com\/index.php\/wp-json\/wp\/v2\/users\/7"}],"replies":[{"embeddable":true,"href":"https:\/\/sinasefesm.com\/index.php\/wp-json\/wp\/v2\/comments?post=7827"}],"version-history":[{"count":2,"href":"https:\/\/sinasefesm.com\/index.php\/wp-json\/wp\/v2\/posts\/7827\/revisions"}],"predecessor-version":[{"id":7830,"href":"https:\/\/sinasefesm.com\/index.php\/wp-json\/wp\/v2\/posts\/7827\/revisions\/7830"}],"wp:featuredmedia":[{"embeddable":true,"href":"https:\/\/sinasefesm.com\/index.php\/wp-json\/wp\/v2\/media\/7828"}],"wp:attachment":[{"href":"https:\/\/sinasefesm.com\/index.php\/wp-json\/wp\/v2\/media?parent=7827"}],"wp:term":[{"taxonomy":"category","embeddable":true,"href":"https:\/\/sinasefesm.com\/index.php\/wp-json\/wp\/v2\/categories?post=7827"},{"taxonomy":"post_tag","embeddable":true,"href":"https:\/\/sinasefesm.com\/index.php\/wp-json\/wp\/v2\/tags?post=7827"}],"curies":[{"name":"wp","href":"https:\/\/api.w.org\/{rel}","templated":true}]}}