{"id":7831,"date":"2025-12-01T18:14:27","date_gmt":"2025-12-01T21:14:27","guid":{"rendered":"https:\/\/sinasefesm.com\/?p=7831"},"modified":"2025-12-01T18:19:48","modified_gmt":"2025-12-01T21:19:48","slug":"luta-por-reparacao-historica-e-justica-social-foram-destaques-no-3o-enniq","status":"publish","type":"post","link":"https:\/\/sinasefesm.com\/index.php\/2025\/12\/01\/luta-por-reparacao-historica-e-justica-social-foram-destaques-no-3o-enniq\/","title":{"rendered":"Luta por repara\u00e7\u00e3o hist\u00f3rica e justi\u00e7a social foi destaque no 3\u00ba Enniq"},"content":{"rendered":"\n<p>O 3\u00ba ENNIQ (Encontro Nacional de Negros, Negras, Ind\u00edgenas e Quilombolas)&nbsp;aconteceu presencialmente de 25 a 29 de novembro, reunindo mais de 180 sindicalizadas(os) de todas as cinco macrorregi\u00f5es do pa\u00eds, possuindo como tem\u00e1rio&nbsp;<em>\u201cCorpo-Territ\u00f3rio, Vozes Coletivas na Luta por Repara\u00e7\u00e3o, Bem Viver e Contra o Marco Temporal\u201d<\/em>.<\/p>\n\n\n\n<p>A secret\u00e1ria de Carreira e Rela\u00e7\u00f5es de Trabalho do Sinasefe Santa Maria, Cassiana Marques da Silva, destacou que o evento consolidou-se como um espa\u00e7o estrat\u00e9gico de articula\u00e7\u00e3o pol\u00edtica, forma\u00e7\u00e3o e reivindica\u00e7\u00e3o, reafirmando a luta por direitos, repara\u00e7\u00e3o hist\u00f3rica e justi\u00e7a social.<\/p>\n\n\n\n<p>Os debates se concentraram no&nbsp;<em>campus<\/em>&nbsp;Bras\u00edlia-DF do Instituto Federal (IFB). O evento&nbsp;<a href=\"https:\/\/sinasefe.org.br\/site\/3o-enniq-comecou-com-marcha-em-brasilia-df-e-audiencia-publica-na-camara-dos-deputados\" target=\"_blank\" rel=\"noreferrer noopener\">foi aberto<\/a>&nbsp;na Esplanada dos Minist\u00e9rios, com a Marcha das Mulheres Negras, e tamb\u00e9m teve atividades na C\u00e2mara dos Deputados (<a href=\"https:\/\/youtu.be\/Hlv2li6IG9E\" target=\"_blank\" rel=\"noreferrer noopener\">Audi\u00eancia P\u00fablica sobre os impactos da Reforma Administrativa<\/a>) e em Cidade Ocidental-GO (<a href=\"https:\/\/sinasefe.org.br\/site\/3o-enniq-5o-dia\" target=\"_blank\" rel=\"noreferrer noopener\">visita ao Quilombo Mesquita<\/a>).<\/p>\n\n\n\n<p>A Plen\u00e1ria Final do Encontro,&nbsp;<a href=\"https:\/\/sinasefe.org.br\/site\/grupos-de-trabalho-e-plenaria-final-marcam-sexta-feira-no-3o-enniq\" target=\"_blank\" rel=\"noreferrer noopener\">suspensa <\/a>na sexta&nbsp;(28\/11) em virtude da consterna\u00e7\u00e3o&nbsp;<a href=\"https:\/\/sinasefe.org.br\/site\/3o-enniq-manifesta-pesar-e-repudio-pela-morte-de-allane-matos-e-layse-pinheiro\" target=\"_blank\" rel=\"noreferrer noopener\">provocada pela morte brutal das servidoras do Cefet-RJ,&nbsp;Allane de Souza Pedrotti Matos e Layse Costa Pinheiro<\/a>, ser\u00e1 retomada virtualmente, em data que ainda ser\u00e1 informada no portal nacional do Sinasefe.<\/p>\n\n\n\n<figure class=\"wp-block-image size-large is-resized\"><img fetchpriority=\"high\" decoding=\"async\" width=\"925\" height=\"1024\" src=\"https:\/\/sinasefesm.com\/wp-content\/uploads\/2025\/12\/enniq-reuniao-do-GT-01.12-925x1024.jpeg\" alt=\"\" class=\"wp-image-7833\" style=\"width:472px;height:auto\" srcset=\"https:\/\/sinasefesm.com\/wp-content\/uploads\/2025\/12\/enniq-reuniao-do-GT-01.12-925x1024.jpeg 925w, https:\/\/sinasefesm.com\/wp-content\/uploads\/2025\/12\/enniq-reuniao-do-GT-01.12-271x300.jpeg 271w, https:\/\/sinasefesm.com\/wp-content\/uploads\/2025\/12\/enniq-reuniao-do-GT-01.12-768x850.jpeg 768w, https:\/\/sinasefesm.com\/wp-content\/uploads\/2025\/12\/enniq-reuniao-do-GT-01.12-150x166.jpeg 150w, https:\/\/sinasefesm.com\/wp-content\/uploads\/2025\/12\/enniq-reuniao-do-GT-01.12-450x498.jpeg 450w, https:\/\/sinasefesm.com\/wp-content\/uploads\/2025\/12\/enniq-reuniao-do-GT-01.12.jpeg 1080w\" sizes=\"(max-width: 925px) 100vw, 925px\" \/><\/figure>\n\n\n\n<p>Conforme deliberado no 2\u00ba ENNIQ, somente pessoas racializadas, ind\u00edgenas, quilombolas e ciganas sindicalizadas ao SINASEFE puderam se credenciar no evento.<\/p>\n\n\n\n<p><strong>Interseccionalidades e combate \u00e0s opress\u00f5es<\/strong><\/p>\n\n\n\n<p>Cassiana Marques da Silva (foto abaixo) comentou tamb\u00e9m que o objetivo central do encontro foi fortalecer o di\u00e1logo sobre as interseccionalidades que atravessam as institui\u00e7\u00f5es federais de ensino, com destaque para o cumprimento do Decreto n\u00ba 11.443\/2023, que determina que no m\u00ednimo 30% dos cargos em comiss\u00e3o e fun\u00e7\u00f5es de confian\u00e7a do governo federal sejam ocupados por pessoas negras.<\/p>\n\n\n\n<p>Durante o encontro foi discutida a invisibilidade de servidores\/as negros\/as, ind\u00edgenas, quilombolas e pessoas trans, que frequentemente n\u00e3o disp\u00f5em de espa\u00e7os de fala e representa\u00e7\u00e3o. Tamb\u00e9m foi destacado o papel fundamental do sindicato no combate \u00e0s opress\u00f5es, refor\u00e7ando a import\u00e2ncia de fortalecer \u2014 e criar, onde ainda n\u00e3o existe \u2014 pastas espec\u00edficas dedicadas a essa pauta nas bases do Sinasefe.<\/p>\n\n\n\n<figure class=\"wp-block-image size-large is-resized\"><img decoding=\"async\" width=\"461\" height=\"1024\" src=\"https:\/\/sinasefesm.com\/wp-content\/uploads\/2025\/12\/cassiana-enniq-461x1024.jpeg\" alt=\"\" class=\"wp-image-7834\" style=\"width:195px;height:auto\" srcset=\"https:\/\/sinasefesm.com\/wp-content\/uploads\/2025\/12\/cassiana-enniq-461x1024.jpeg 461w, https:\/\/sinasefesm.com\/wp-content\/uploads\/2025\/12\/cassiana-enniq-135x300.jpeg 135w, https:\/\/sinasefesm.com\/wp-content\/uploads\/2025\/12\/cassiana-enniq-150x333.jpeg 150w, https:\/\/sinasefesm.com\/wp-content\/uploads\/2025\/12\/cassiana-enniq-450x1000.jpeg 450w, https:\/\/sinasefesm.com\/wp-content\/uploads\/2025\/12\/cassiana-enniq.jpeg 540w\" sizes=\"(max-width: 461px) 100vw, 461px\" \/><\/figure>\n\n\n\n<p>A organiza\u00e7\u00e3o do evento se deu em tr\u00eas grupos de trabalho (GTs):<\/p>\n\n\n\n<p>&#8211; Polinizando o Bem Viver: di\u00e1logos entre movimentos negro, ind\u00edgena, quilombola e cigano contra a hegemonia;<\/p>\n\n\n\n<p>&#8211; Colocando a Interseccionalidade no Centro do Debate: g\u00eanero, ra\u00e7a, classe, etnia e defici\u00eancia;<\/p>\n\n\n\n<p>&#8211; An\u00e1lise, Perspectivas e Propostas: racismo institucional, educa\u00e7\u00e3o antirracista e o Marco Temporal no \u00e2mbito do Sinasefe.<br><br><\/p>\n\n\n\n<p><em>Imagens: Sinasefe Nacional e arquivo pessoal<br>Edi\u00e7\u00e3o: Fritz Rivail<\/em><\/p>\n","protected":false},"excerpt":{"rendered":"<p>O 3\u00ba ENNIQ (Encontro Nacional de Negros, Negras, Ind\u00edgenas e Quilombolas)&nbsp;aconteceu presencialmente de 25 a 29 de novembro, reunindo mais de 180 sindicalizadas(os) de todas as cinco macrorregi\u00f5es do pa\u00eds, possuindo como tem\u00e1rio&nbsp;\u201cCorpo-Territ\u00f3rio, Vozes Coletivas na Luta por Repara\u00e7\u00e3o, Bem Viver e Contra o Marco Temporal\u201d. A secret\u00e1ria de Carreira e Rela\u00e7\u00f5es de Trabalho do<\/p>\n","protected":false},"author":7,"featured_media":7832,"comment_status":"open","ping_status":"open","sticky":false,"template":"","format":"standard","meta":{"footnotes":""},"categories":[39],"tags":[],"class_list":{"0":"post-7831","1":"post","2":"type-post","3":"status-publish","4":"format-standard","5":"has-post-thumbnail","7":"category-eventos"},"_links":{"self":[{"href":"https:\/\/sinasefesm.com\/index.php\/wp-json\/wp\/v2\/posts\/7831","targetHints":{"allow":["GET"]}}],"collection":[{"href":"https:\/\/sinasefesm.com\/index.php\/wp-json\/wp\/v2\/posts"}],"about":[{"href":"https:\/\/sinasefesm.com\/index.php\/wp-json\/wp\/v2\/types\/post"}],"author":[{"embeddable":true,"href":"https:\/\/sinasefesm.com\/index.php\/wp-json\/wp\/v2\/users\/7"}],"replies":[{"embeddable":true,"href":"https:\/\/sinasefesm.com\/index.php\/wp-json\/wp\/v2\/comments?post=7831"}],"version-history":[{"count":2,"href":"https:\/\/sinasefesm.com\/index.php\/wp-json\/wp\/v2\/posts\/7831\/revisions"}],"predecessor-version":[{"id":7836,"href":"https:\/\/sinasefesm.com\/index.php\/wp-json\/wp\/v2\/posts\/7831\/revisions\/7836"}],"wp:featuredmedia":[{"embeddable":true,"href":"https:\/\/sinasefesm.com\/index.php\/wp-json\/wp\/v2\/media\/7832"}],"wp:attachment":[{"href":"https:\/\/sinasefesm.com\/index.php\/wp-json\/wp\/v2\/media?parent=7831"}],"wp:term":[{"taxonomy":"category","embeddable":true,"href":"https:\/\/sinasefesm.com\/index.php\/wp-json\/wp\/v2\/categories?post=7831"},{"taxonomy":"post_tag","embeddable":true,"href":"https:\/\/sinasefesm.com\/index.php\/wp-json\/wp\/v2\/tags?post=7831"}],"curies":[{"name":"wp","href":"https:\/\/api.w.org\/{rel}","templated":true}]}}