{"id":7837,"date":"2025-12-03T13:26:35","date_gmt":"2025-12-03T16:26:35","guid":{"rendered":"https:\/\/sinasefesm.com\/?p=7837"},"modified":"2025-12-03T13:26:35","modified_gmt":"2025-12-03T16:26:35","slug":"nota-de-solidariedade-a-professores-as-e-servidores-as-municipais","status":"publish","type":"post","link":"https:\/\/sinasefesm.com\/index.php\/2025\/12\/03\/nota-de-solidariedade-a-professores-as-e-servidores-as-municipais\/","title":{"rendered":"Nota de solidariedade a professores\/as e servidores\/as municipais"},"content":{"rendered":"\n<p>A diretoria do Sinasefe Santa Maria manifesta-se publicamente em solidariedade a professoras e professores do Magist\u00e9rio Municipal de Santa Maria, bem como a servidoras e servidores da Prefeitura Municipal, devido \u00e0 forma desrespeitosa como est\u00e3o sendo tratados tanto pelo Poder Executivo como tamb\u00e9m pela dire\u00e7\u00e3o do Poder Legislativo.<\/p>\n\n\n\n<p>O Sinasefe SM repudia de forma veemente a proposta de reforma da previd\u00eancia que ataca e prejudica as e os trabalhadores do servi\u00e7o p\u00fablico municipal, assim como o n\u00e3o cumprimento do pagamento do 13\u00ba sal\u00e1rio (gratifica\u00e7\u00e3o natalina) a servidores\/a do munic\u00edpio) na data constitucionalmente determinada, agravada pela proposta de parcelamento ou de contrata\u00e7\u00e3o de cr\u00e9dito pessoal junto a um banco para receb\u00ea-lo.<\/p>\n\n\n\n<p>A diretoria tamb\u00e9m recha\u00e7a o ato da mesa diretora da C\u00e2mara de Vereadores\/as, que de forma impositiva e unilateral, implantou normas que limitam o acompanhamento, manifesta\u00e7\u00f5es e posturas durante a vota\u00e7\u00e3o dos temas referentes \u00e0s e aos trabalhadores do servi\u00e7o p\u00fablico municipal.<\/p>\n\n\n\n<p>O Sinasefe SM repudia todas essas medidas e ainda ressalta a indigna\u00e7\u00e3o pela forma antidemocr\u00e1tica como as a\u00e7\u00f5es est\u00e3o sendo encaminhadas no munic\u00edpio.<\/p>\n\n\n\n<p>Contra medidas autorit\u00e1rias e de censura \u00e0 liberdade de express\u00e3o!<\/p>\n\n\n\n<p>Servidores\/as e professores\/as do munic\u00edpio de Santa Maria merecem respeito e tratamento digno!<\/p>\n\n\n\n<p>Diretoria do Sinasefe.<\/p>\n\n\n\n<p>Santa Maria, 3 de dezembro de 2025.<\/p>\n\n\n\n<p>Foto: Arquivo\/Sinprosm<\/p>\n","protected":false},"excerpt":{"rendered":"<p>A diretoria do Sinasefe Santa Maria manifesta-se publicamente em solidariedade a professoras e professores do Magist\u00e9rio Municipal de Santa Maria, bem como a servidoras e servidores da Prefeitura Municipal, devido \u00e0 forma desrespeitosa como est\u00e3o sendo tratados tanto pelo Poder Executivo como tamb\u00e9m pela dire\u00e7\u00e3o do Poder Legislativo. O Sinasefe SM repudia de forma veemente<\/p>\n","protected":false},"author":7,"featured_media":7838,"comment_status":"open","ping_status":"open","sticky":false,"template":"","format":"standard","meta":{"footnotes":""},"categories":[1],"tags":[],"class_list":{"0":"post-7837","1":"post","2":"type-post","3":"status-publish","4":"format-standard","5":"has-post-thumbnail","7":"category-blog"},"_links":{"self":[{"href":"https:\/\/sinasefesm.com\/index.php\/wp-json\/wp\/v2\/posts\/7837","targetHints":{"allow":["GET"]}}],"collection":[{"href":"https:\/\/sinasefesm.com\/index.php\/wp-json\/wp\/v2\/posts"}],"about":[{"href":"https:\/\/sinasefesm.com\/index.php\/wp-json\/wp\/v2\/types\/post"}],"author":[{"embeddable":true,"href":"https:\/\/sinasefesm.com\/index.php\/wp-json\/wp\/v2\/users\/7"}],"replies":[{"embeddable":true,"href":"https:\/\/sinasefesm.com\/index.php\/wp-json\/wp\/v2\/comments?post=7837"}],"version-history":[{"count":1,"href":"https:\/\/sinasefesm.com\/index.php\/wp-json\/wp\/v2\/posts\/7837\/revisions"}],"predecessor-version":[{"id":7839,"href":"https:\/\/sinasefesm.com\/index.php\/wp-json\/wp\/v2\/posts\/7837\/revisions\/7839"}],"wp:featuredmedia":[{"embeddable":true,"href":"https:\/\/sinasefesm.com\/index.php\/wp-json\/wp\/v2\/media\/7838"}],"wp:attachment":[{"href":"https:\/\/sinasefesm.com\/index.php\/wp-json\/wp\/v2\/media?parent=7837"}],"wp:term":[{"taxonomy":"category","embeddable":true,"href":"https:\/\/sinasefesm.com\/index.php\/wp-json\/wp\/v2\/categories?post=7837"},{"taxonomy":"post_tag","embeddable":true,"href":"https:\/\/sinasefesm.com\/index.php\/wp-json\/wp\/v2\/tags?post=7837"}],"curies":[{"name":"wp","href":"https:\/\/api.w.org\/{rel}","templated":true}]}}