{"id":7840,"date":"2025-12-04T19:15:32","date_gmt":"2025-12-04T22:15:32","guid":{"rendered":"https:\/\/sinasefesm.com\/?p=7840"},"modified":"2025-12-04T19:15:32","modified_gmt":"2025-12-04T22:15:32","slug":"mobilizacao-contra-a-reforma-administrativa-segue-firme","status":"publish","type":"post","link":"https:\/\/sinasefesm.com\/index.php\/2025\/12\/04\/mobilizacao-contra-a-reforma-administrativa-segue-firme\/","title":{"rendered":"Mobiliza\u00e7\u00e3o contra a Reforma Administrativa segue firme"},"content":{"rendered":"\n<p>O Sinasefe segue mobilizado na den\u00fancia dos malef\u00edcios da Reforma Administrativa (PEC 38\/2025).<\/p>\n\n\n\n<p>Plantonistas estiveram, em conjunto com outras entidades do Fonasefe, em manifesta\u00e7\u00e3o no Aeroporto de Bras\u00edlia-DF na ter\u00e7a-feira (02\/12).\u00a0<em>\u201cN\u00e3o \u00e9 Reforma, \u00e9 demoli\u00e7\u00e3o\u201d<\/em>, foi a palavra de ordem refor\u00e7ada pelas pessoas participantes na atividade.<\/p>\n\n\n\n<p>Participaram pelo Sinasefe: Amaury Garcia (secret\u00e1rio-adjunto de pol\u00edticas para as IFEs ligadas ao Minist\u00e9rio da Defesa), Elton John (2\u00ba tesoureiro), Francisco Dias (secret\u00e1rio geral), Juliene Zanardi (plantonista da se\u00e7\u00e3o do Col\u00e9gio Militar do Rio de Janeiro-RJ) e Manoel Porto Jr. (coordenador geral).<\/p>\n\n\n\n<figure class=\"wp-block-image size-large is-resized\"><img fetchpriority=\"high\" decoding=\"async\" width=\"1024\" height=\"768\" src=\"https:\/\/sinasefesm.com\/wp-content\/uploads\/2025\/12\/reform-adm.-2.12-1024x768.jpeg\" alt=\"\" class=\"wp-image-7842\" style=\"width:542px;height:auto\" srcset=\"https:\/\/sinasefesm.com\/wp-content\/uploads\/2025\/12\/reform-adm.-2.12-1024x768.jpeg 1024w, https:\/\/sinasefesm.com\/wp-content\/uploads\/2025\/12\/reform-adm.-2.12-300x225.jpeg 300w, https:\/\/sinasefesm.com\/wp-content\/uploads\/2025\/12\/reform-adm.-2.12-768x576.jpeg 768w, https:\/\/sinasefesm.com\/wp-content\/uploads\/2025\/12\/reform-adm.-2.12-1536x1152.jpeg 1536w, https:\/\/sinasefesm.com\/wp-content\/uploads\/2025\/12\/reform-adm.-2.12-150x113.jpeg 150w, https:\/\/sinasefesm.com\/wp-content\/uploads\/2025\/12\/reform-adm.-2.12-450x338.jpeg 450w, https:\/\/sinasefesm.com\/wp-content\/uploads\/2025\/12\/reform-adm.-2.12-1200x900.jpeg 1200w, https:\/\/sinasefesm.com\/wp-content\/uploads\/2025\/12\/reform-adm.-2.12.jpeg 1600w\" sizes=\"(max-width: 1024px) 100vw, 1024px\" \/><\/figure>\n\n\n\n<p><em>Fonte e imagens: Sinasefe Nacional<\/em><\/p>\n","protected":false},"excerpt":{"rendered":"<p>O Sinasefe segue mobilizado na den\u00fancia dos malef\u00edcios da Reforma Administrativa (PEC 38\/2025). Plantonistas estiveram, em conjunto com outras entidades do Fonasefe, em manifesta\u00e7\u00e3o no Aeroporto de Bras\u00edlia-DF na ter\u00e7a-feira (02\/12).\u00a0\u201cN\u00e3o \u00e9 Reforma, \u00e9 demoli\u00e7\u00e3o\u201d, foi a palavra de ordem refor\u00e7ada pelas pessoas participantes na atividade. Participaram pelo Sinasefe: Amaury Garcia (secret\u00e1rio-adjunto de pol\u00edticas para<\/p>\n","protected":false},"author":7,"featured_media":7841,"comment_status":"open","ping_status":"open","sticky":false,"template":"","format":"standard","meta":{"footnotes":""},"categories":[1],"tags":[],"class_list":{"0":"post-7840","1":"post","2":"type-post","3":"status-publish","4":"format-standard","5":"has-post-thumbnail","7":"category-blog"},"_links":{"self":[{"href":"https:\/\/sinasefesm.com\/index.php\/wp-json\/wp\/v2\/posts\/7840","targetHints":{"allow":["GET"]}}],"collection":[{"href":"https:\/\/sinasefesm.com\/index.php\/wp-json\/wp\/v2\/posts"}],"about":[{"href":"https:\/\/sinasefesm.com\/index.php\/wp-json\/wp\/v2\/types\/post"}],"author":[{"embeddable":true,"href":"https:\/\/sinasefesm.com\/index.php\/wp-json\/wp\/v2\/users\/7"}],"replies":[{"embeddable":true,"href":"https:\/\/sinasefesm.com\/index.php\/wp-json\/wp\/v2\/comments?post=7840"}],"version-history":[{"count":1,"href":"https:\/\/sinasefesm.com\/index.php\/wp-json\/wp\/v2\/posts\/7840\/revisions"}],"predecessor-version":[{"id":7843,"href":"https:\/\/sinasefesm.com\/index.php\/wp-json\/wp\/v2\/posts\/7840\/revisions\/7843"}],"wp:featuredmedia":[{"embeddable":true,"href":"https:\/\/sinasefesm.com\/index.php\/wp-json\/wp\/v2\/media\/7841"}],"wp:attachment":[{"href":"https:\/\/sinasefesm.com\/index.php\/wp-json\/wp\/v2\/media?parent=7840"}],"wp:term":[{"taxonomy":"category","embeddable":true,"href":"https:\/\/sinasefesm.com\/index.php\/wp-json\/wp\/v2\/categories?post=7840"},{"taxonomy":"post_tag","embeddable":true,"href":"https:\/\/sinasefesm.com\/index.php\/wp-json\/wp\/v2\/tags?post=7840"}],"curies":[{"name":"wp","href":"https:\/\/api.w.org\/{rel}","templated":true}]}}