{"id":7845,"date":"2025-12-08T19:08:28","date_gmt":"2025-12-08T22:08:28","guid":{"rendered":"https:\/\/sinasefesm.com\/?p=7845"},"modified":"2025-12-08T19:08:29","modified_gmt":"2025-12-08T22:08:29","slug":"protesto-e-oficio-a-presidencia-da-republica-contra-descumprimento-dos-acordos-de-greve","status":"publish","type":"post","link":"https:\/\/sinasefesm.com\/index.php\/2025\/12\/08\/protesto-e-oficio-a-presidencia-da-republica-contra-descumprimento-dos-acordos-de-greve\/","title":{"rendered":"Protesto e of\u00edcio \u00e0 Presid\u00eancia da Rep\u00fablica contra descumprimento dos acordos de greve"},"content":{"rendered":"\n<p>Na tarde de quinta-feira (04\/12), o Sinasefe esteve no campus Bras\u00edlia-DF do IFB e no Pal\u00e1cio do Planalto. No IFB foi realizada atividade conjunta dos Minist\u00e9rios da Educa\u00e7\u00e3o (MEC) e do Desenvolvimento, Ind\u00fastria, Com\u00e9rcio e Servi\u00e7os, quando o sindicato protestou contra os ministros Camilo Santana e Geraldo Alckmin pelo descumprimento dos Termos de Acordo n\u00ba 10 e 11\/2024. <\/p>\n\n\n\n<p>No Pal\u00e1cio do Planalto o sindicato protocolou, junto \u00e0 Presid\u00eancia da Rep\u00fablica, o Of\u00edcio n\u00ba 360\/2025, cobrando de Lula a revers\u00e3o dessa situa\u00e7\u00e3o.<\/p>\n\n\n\n<p><em>Fonte e imagem: Sinasefe Nacional<\/em><\/p>\n","protected":false},"excerpt":{"rendered":"<p>Na tarde de quinta-feira (04\/12), o Sinasefe esteve no campus Bras\u00edlia-DF do IFB e no Pal\u00e1cio do Planalto. No IFB foi realizada atividade conjunta dos Minist\u00e9rios da Educa\u00e7\u00e3o (MEC) e do Desenvolvimento, Ind\u00fastria, Com\u00e9rcio e Servi\u00e7os, quando o sindicato protestou contra os ministros Camilo Santana e Geraldo Alckmin pelo descumprimento dos Termos de Acordo n\u00ba<\/p>\n","protected":false},"author":7,"featured_media":7846,"comment_status":"open","ping_status":"open","sticky":false,"template":"","format":"standard","meta":{"footnotes":""},"categories":[41],"tags":[],"class_list":{"0":"post-7845","1":"post","2":"type-post","3":"status-publish","4":"format-standard","5":"has-post-thumbnail","7":"category-movimento"},"_links":{"self":[{"href":"https:\/\/sinasefesm.com\/index.php\/wp-json\/wp\/v2\/posts\/7845","targetHints":{"allow":["GET"]}}],"collection":[{"href":"https:\/\/sinasefesm.com\/index.php\/wp-json\/wp\/v2\/posts"}],"about":[{"href":"https:\/\/sinasefesm.com\/index.php\/wp-json\/wp\/v2\/types\/post"}],"author":[{"embeddable":true,"href":"https:\/\/sinasefesm.com\/index.php\/wp-json\/wp\/v2\/users\/7"}],"replies":[{"embeddable":true,"href":"https:\/\/sinasefesm.com\/index.php\/wp-json\/wp\/v2\/comments?post=7845"}],"version-history":[{"count":1,"href":"https:\/\/sinasefesm.com\/index.php\/wp-json\/wp\/v2\/posts\/7845\/revisions"}],"predecessor-version":[{"id":7847,"href":"https:\/\/sinasefesm.com\/index.php\/wp-json\/wp\/v2\/posts\/7845\/revisions\/7847"}],"wp:featuredmedia":[{"embeddable":true,"href":"https:\/\/sinasefesm.com\/index.php\/wp-json\/wp\/v2\/media\/7846"}],"wp:attachment":[{"href":"https:\/\/sinasefesm.com\/index.php\/wp-json\/wp\/v2\/media?parent=7845"}],"wp:term":[{"taxonomy":"category","embeddable":true,"href":"https:\/\/sinasefesm.com\/index.php\/wp-json\/wp\/v2\/categories?post=7845"},{"taxonomy":"post_tag","embeddable":true,"href":"https:\/\/sinasefesm.com\/index.php\/wp-json\/wp\/v2\/tags?post=7845"}],"curies":[{"name":"wp","href":"https:\/\/api.w.org\/{rel}","templated":true}]}}